{"id":19535,"date":"2016-05-19T08:42:07","date_gmt":"2016-05-19T11:42:07","guid":{"rendered":"http:\/\/www.sincomam.org.br\/?p=19535"},"modified":"2016-05-19T09:14:44","modified_gmt":"2016-05-19T12:14:44","slug":"governo-define-programa-de-concessoes-e-parcerias-publico-privadas","status":"publish","type":"post","link":"https:\/\/www.sincomam.org.br\/index.php\/governo-define-programa-de-concessoes-e-parcerias-publico-privadas\/","title":{"rendered":"Governo define programa de concess\u00f5es e parcerias p\u00fablico-privadas"},"content":{"rendered":"<p>O secret\u00e1rio executivo do Programa de Parcerias de Investimentos (PPI) da Presid\u00eancia da Rep\u00fablica, Moreira Franco, se reuniu com o ministro dos Transportes, Portos e Avia\u00e7\u00e3o Civil, Maur\u00edcio Quintella, para discutir o plano de trabalho do atual governo na \u00e1rea de concess\u00f5es e parcerias p\u00fablico-privadas.<\/p>\n<p>Nos pr\u00f3ximos dias, o governo federal deve lan\u00e7ar o programa Crescer, que vai abranger todas as a\u00e7\u00f5es na \u00e1rea.<\/p>\n<p>A ideia \u00e9 definir regras padronizadas para concess\u00f5es na \u00e1rea de infraestrutura, de modo que n\u00e3o haja atrasos nas licita\u00e7\u00f5es. Segundo Moreira Franco, a expectativa com rela\u00e7\u00e3o as parcerias \u00e9 desobstruir os empecilhos na regulamenta\u00e7\u00e3o, na quest\u00e3o da seguran\u00e7a jur\u00eddica e na defini\u00e7\u00e3o clara do papel dos estruturadores.<\/p>\n<p>\u201cO programa de parcerias pretende retirar entraves burocr\u00e1ticos e excesso de interfer\u00eancia do Estado nas concess\u00f5es\u201d, disse recentemente Moreira Franco em sua conta no microblog Twitter.<\/p>\n<p>Tamb\u00e9m participam da reuni\u00e3o os presidentes da Ag\u00eancia Nacional de Avia\u00e7\u00e3o Civil (Anac), Jos\u00e9 Botelho, da Ag\u00eancia Nacional de Transportes Aquavi\u00e1rios (Antaq), Fernando Fonseca, e da Ag\u00eancia Nacional de Transportes Terrestres (ANTT), Jorge Bastos.<\/p>\n<p>Fonte: Ag\u00eancia Brasil<\/p>\n","protected":false},"excerpt":{"rendered":"<p>O secret\u00e1rio executivo do Programa de Parcerias de Investimentos (PPI) da Presid\u00eancia da Rep\u00fablica, Moreira Franco, se reuniu com o ministro dos Transportes, Portos e&#8230;<\/p>\n","protected":false},"author":1182,"featured_media":18972,"comment_status":"closed","ping_status":"closed","sticky":false,"template":"","format":"standard","meta":{"footnotes":""},"categories":[6],"tags":[],"class_list":["post-19535","post","type-post","status-publish","format-standard","has-post-thumbnail","hentry","category-noticias"],"_links":{"self":[{"href":"https:\/\/www.sincomam.org.br\/index.php\/wp-json\/wp\/v2\/posts\/19535","targetHints":{"allow":["GET"]}}],"collection":[{"href":"https:\/\/www.sincomam.org.br\/index.php\/wp-json\/wp\/v2\/posts"}],"about":[{"href":"https:\/\/www.sincomam.org.br\/index.php\/wp-json\/wp\/v2\/types\/post"}],"author":[{"embeddable":true,"href":"https:\/\/www.sincomam.org.br\/index.php\/wp-json\/wp\/v2\/users\/1182"}],"replies":[{"embeddable":true,"href":"https:\/\/www.sincomam.org.br\/index.php\/wp-json\/wp\/v2\/comments?post=19535"}],"version-history":[{"count":1,"href":"https:\/\/www.sincomam.org.br\/index.php\/wp-json\/wp\/v2\/posts\/19535\/revisions"}],"predecessor-version":[{"id":19536,"href":"https:\/\/www.sincomam.org.br\/index.php\/wp-json\/wp\/v2\/posts\/19535\/revisions\/19536"}],"wp:featuredmedia":[{"embeddable":true,"href":"https:\/\/www.sincomam.org.br\/index.php\/wp-json\/wp\/v2\/media\/18972"}],"wp:attachment":[{"href":"https:\/\/www.sincomam.org.br\/index.php\/wp-json\/wp\/v2\/media?parent=19535"}],"wp:term":[{"taxonomy":"category","embeddable":true,"href":"https:\/\/www.sincomam.org.br\/index.php\/wp-json\/wp\/v2\/categories?post=19535"},{"taxonomy":"post_tag","embeddable":true,"href":"https:\/\/www.sincomam.org.br\/index.php\/wp-json\/wp\/v2\/tags?post=19535"}],"curies":[{"name":"wp","href":"https:\/\/api.w.org\/{rel}","templated":true}]}}