{"id":19533,"date":"2016-05-18T08:40:46","date_gmt":"2016-05-18T11:40:46","guid":{"rendered":"http:\/\/www.sincomam.org.br\/?p=19533"},"modified":"2016-05-18T08:40:46","modified_gmt":"2016-05-18T11:40:46","slug":"maritimos-suspendem-greve-na-transpetro","status":"publish","type":"post","link":"https:\/\/www.sincomam.org.br\/index.php\/maritimos-suspendem-greve-na-transpetro\/","title":{"rendered":"Mar\u00edtimos suspendem greve na Transpetro"},"content":{"rendered":"<p>A\u00a0greve dos mar\u00edtimos da Transpetro foi suspensa at\u00e9 que seja assinado o Acordo Coletivo de Trabalho (ACT) que dever\u00e1 assegurar regime de 1 por 1 (um per\u00edodo embarcado para um per\u00edodo de repouso). A decis\u00e3o foi tomada hoje em concilia\u00e7\u00e3o no Tribunal Superior do Trabalho (TST), que tamb\u00e9m assegurou cl\u00e1usula de garantia do emprego por dois anos para os mar\u00edtimos da empresa. A expectativa \u00e9 a de que o ACT seja assinado em at\u00e9 120 dias.<\/p>\n<p>A paralisa\u00e7\u00e3o dos 2,2 mil mar\u00edtimos da Transpetro teve in\u00edcio no \u00faltimo s\u00e1bado, atingindo, segundo o sindicato, a totalidade da frota da empresa (cerca de 50 navios). Esta for\u00e7a de trabalho da Transpetro representa 18% de toda a categoria no Brasil.<\/p>\n<p>TST<\/p>\n<p>Nesta ter\u00e7a, o TST negou pedido de liminar da Transpetro para que fosse declarada a ilegalidade do exerc\u00edcio de greve dos mar\u00edtimos. A informa\u00e7\u00e3o constou de nota divulgada pelo Comando Nacional de Mobiliza\u00e7\u00e3o (Conamo) dos mar\u00edtimos.<\/p>\n<p>A Conamo citou o despacho, do dia 13 de maio, da ministra do TST K\u00e1tia Magalh\u00e3es Arruda: \u201cN\u00e3o \u00e9 poss\u00edvel deferir medida cautelar para coibir o exerc\u00edcio de direito garantido pela Carta Magna. A confronta\u00e7\u00e3o das alega\u00e7\u00f5es e dos elementos dispon\u00edveis n\u00e3o atendem e n\u00e3o autorizam a aplica\u00e7\u00e3o da t\u00e9cnica antecipat\u00f3ria\u201d, diz o texto da ministra que indeferiu o pedido de liminar.<\/p>\n<p>Procurada, a Transpetro n\u00e3o respondeu aos questionamentos do Valor.<\/p>\n<p>Fonte: Valor Econ\u00f4mico<\/p>\n","protected":false},"excerpt":{"rendered":"<p>A\u00a0greve dos mar\u00edtimos da Transpetro foi suspensa at\u00e9 que seja assinado o Acordo Coletivo de Trabalho (ACT) que dever\u00e1 assegurar regime de 1 por 1&#8230;<\/p>\n","protected":false},"author":1182,"featured_media":17937,"comment_status":"closed","ping_status":"closed","sticky":false,"template":"","format":"standard","meta":{"footnotes":""},"categories":[6],"tags":[],"class_list":["post-19533","post","type-post","status-publish","format-standard","has-post-thumbnail","hentry","category-noticias"],"_links":{"self":[{"href":"https:\/\/www.sincomam.org.br\/index.php\/wp-json\/wp\/v2\/posts\/19533","targetHints":{"allow":["GET"]}}],"collection":[{"href":"https:\/\/www.sincomam.org.br\/index.php\/wp-json\/wp\/v2\/posts"}],"about":[{"href":"https:\/\/www.sincomam.org.br\/index.php\/wp-json\/wp\/v2\/types\/post"}],"author":[{"embeddable":true,"href":"https:\/\/www.sincomam.org.br\/index.php\/wp-json\/wp\/v2\/users\/1182"}],"replies":[{"embeddable":true,"href":"https:\/\/www.sincomam.org.br\/index.php\/wp-json\/wp\/v2\/comments?post=19533"}],"version-history":[{"count":1,"href":"https:\/\/www.sincomam.org.br\/index.php\/wp-json\/wp\/v2\/posts\/19533\/revisions"}],"predecessor-version":[{"id":19534,"href":"https:\/\/www.sincomam.org.br\/index.php\/wp-json\/wp\/v2\/posts\/19533\/revisions\/19534"}],"wp:featuredmedia":[{"embeddable":true,"href":"https:\/\/www.sincomam.org.br\/index.php\/wp-json\/wp\/v2\/media\/17937"}],"wp:attachment":[{"href":"https:\/\/www.sincomam.org.br\/index.php\/wp-json\/wp\/v2\/media?parent=19533"}],"wp:term":[{"taxonomy":"category","embeddable":true,"href":"https:\/\/www.sincomam.org.br\/index.php\/wp-json\/wp\/v2\/categories?post=19533"},{"taxonomy":"post_tag","embeddable":true,"href":"https:\/\/www.sincomam.org.br\/index.php\/wp-json\/wp\/v2\/tags?post=19533"}],"curies":[{"name":"wp","href":"https:\/\/api.w.org\/{rel}","templated":true}]}}