{"id":19529,"date":"2016-05-19T08:35:14","date_gmt":"2016-05-19T11:35:14","guid":{"rendered":"http:\/\/www.sincomam.org.br\/?p=19529"},"modified":"2016-05-19T09:12:31","modified_gmt":"2016-05-19T12:12:31","slug":"equipe-cuida-dos-projetos-ambientais-do-complexo-santista","status":"publish","type":"post","link":"https:\/\/www.sincomam.org.br\/index.php\/equipe-cuida-dos-projetos-ambientais-do-complexo-santista\/","title":{"rendered":"Equipe cuida dos projetos ambientais do complexo santista"},"content":{"rendered":"<p>A Companhia Docas do Estado de S\u00e3o Paulo (Codesp), a Autoridade Portu\u00e1ria de Santos, conta com uma equipe exclusiva para cuidar da quest\u00e3o ambiental no cais santista. Ela integra sua Ger\u00eancia de Meio Ambiente, criada em 2009 e que atua de forma preventiva, junto a operadores e arrendat\u00e1rios, para que as atividades portu\u00e1rias ocorram com base \u00e0s normas ambientais.<\/p>\n<p>O departamento tem como fun\u00e7\u00e3o assegurar o cumprimento da legisla\u00e7\u00e3o ambiental na opera\u00e7\u00e3o portu\u00e1ria dentro da \u00e1rea do porto organizado e realiza a gest\u00e3o das licen\u00e7as ambientais da \u00e1rea.<\/p>\n<p>Esta ger\u00eancia tamb\u00e9m elabora as regras voltadas \u00e0 qualidade e \u00e0 efici\u00eancia na utiliza\u00e7\u00e3o da infraestrutura portu\u00e1ria na movimenta\u00e7\u00e3o de cargas, al\u00e9m de formular a pol\u00edtica de desenvolvimento ambiental do Porto, coerente com as pol\u00edticas nacionais, estaduais e locais. Outra fun\u00e7\u00e3o \u00e9 desenvolver estudos e articular, com entidades nacionais e internacionais, quest\u00f5es de tecnologia, regras e c\u00f3digos ambientais em \u00e1reas portu\u00e1rias.<\/p>\n<p>A ger\u00eancia conta com uma equipe multidisciplinar, composta por um qu\u00edmico, dois tecn\u00f3logos, um bi\u00f3logo, dois t\u00e9cnicos em meio ambiente e um assistente administrativo. Eles realizam fiscaliza\u00e7\u00f5es ambientais e produzem relat\u00f3rios destas inspe\u00e7\u00f5es.<\/p>\n<p>Outra fun\u00e7\u00e3o \u00e9 apoiar a gest\u00e3o ambiental do Terminal Pesqueiro de Laguna, localizado em Santa Catarina, que tamb\u00e9m \u00e9 gerido pela Docas.<\/p>\n<p>No complexo santista, a Ger\u00eancia de Meio Ambiente faz a gest\u00e3o dos res\u00edduos gerados pela Docas e d\u00e1 a destina\u00e7\u00e3o correta ao material, al\u00e9m de acompanhar as atividades desse tipo realizadas pelos arrendat\u00e1rios. O departamento ainda tem pouca informa\u00e7\u00e3o sobre a qualidade do ar, mas aguarda a contrata\u00e7\u00e3o de um estudo para conhecer melhor esse cen\u00e1rio e indicar poss\u00edveis corre\u00e7\u00f5es.<\/p>\n<p>A ger\u00eancia ajudou na elabora\u00e7\u00e3o da Agenda Ambiental do Porto, documento lan\u00e7ado em 2014 e que trata da gest\u00e3o, do monitoramento ambiental das opera\u00e7\u00f5es portu\u00e1rias, do planejamento da expans\u00e3o, dos licenciamentos ambientais e das iniciativas socioambientais, dentre outros temas.<\/p>\n<p>O maior desafio para o departamento ainda \u00e9 estabelecer, implantar e gerenciar um programa de gest\u00e3o de res\u00edduos portu\u00e1rios para atender a comunidade, focado na qualidade e na redu\u00e7\u00e3o de custos e que permita tra\u00e7ar um diagn\u00f3stico para aferir a qualidade do ar no Porto de Santos.<\/p>\n<p>Fonte: A Tribuna<\/p>\n","protected":false},"excerpt":{"rendered":"<p>A Companhia Docas do Estado de S\u00e3o Paulo (Codesp), a Autoridade Portu\u00e1ria de Santos, conta com uma equipe exclusiva para cuidar da quest\u00e3o ambiental no&#8230;<\/p>\n","protected":false},"author":1182,"featured_media":19106,"comment_status":"closed","ping_status":"closed","sticky":false,"template":"","format":"standard","meta":{"footnotes":""},"categories":[6],"tags":[],"class_list":["post-19529","post","type-post","status-publish","format-standard","has-post-thumbnail","hentry","category-noticias"],"_links":{"self":[{"href":"https:\/\/www.sincomam.org.br\/index.php\/wp-json\/wp\/v2\/posts\/19529","targetHints":{"allow":["GET"]}}],"collection":[{"href":"https:\/\/www.sincomam.org.br\/index.php\/wp-json\/wp\/v2\/posts"}],"about":[{"href":"https:\/\/www.sincomam.org.br\/index.php\/wp-json\/wp\/v2\/types\/post"}],"author":[{"embeddable":true,"href":"https:\/\/www.sincomam.org.br\/index.php\/wp-json\/wp\/v2\/users\/1182"}],"replies":[{"embeddable":true,"href":"https:\/\/www.sincomam.org.br\/index.php\/wp-json\/wp\/v2\/comments?post=19529"}],"version-history":[{"count":1,"href":"https:\/\/www.sincomam.org.br\/index.php\/wp-json\/wp\/v2\/posts\/19529\/revisions"}],"predecessor-version":[{"id":19530,"href":"https:\/\/www.sincomam.org.br\/index.php\/wp-json\/wp\/v2\/posts\/19529\/revisions\/19530"}],"wp:featuredmedia":[{"embeddable":true,"href":"https:\/\/www.sincomam.org.br\/index.php\/wp-json\/wp\/v2\/media\/19106"}],"wp:attachment":[{"href":"https:\/\/www.sincomam.org.br\/index.php\/wp-json\/wp\/v2\/media?parent=19529"}],"wp:term":[{"taxonomy":"category","embeddable":true,"href":"https:\/\/www.sincomam.org.br\/index.php\/wp-json\/wp\/v2\/categories?post=19529"},{"taxonomy":"post_tag","embeddable":true,"href":"https:\/\/www.sincomam.org.br\/index.php\/wp-json\/wp\/v2\/tags?post=19529"}],"curies":[{"name":"wp","href":"https:\/\/api.w.org\/{rel}","templated":true}]}}