{"id":19522,"date":"2016-05-17T08:26:46","date_gmt":"2016-05-17T11:26:46","guid":{"rendered":"http:\/\/www.sincomam.org.br\/?p=19522"},"modified":"2016-05-17T08:26:46","modified_gmt":"2016-05-17T11:26:46","slug":"meirelles-anuncia-nesta-terca-feira-equipe-economica-e-presidente-do-bc","status":"publish","type":"post","link":"https:\/\/www.sincomam.org.br\/index.php\/meirelles-anuncia-nesta-terca-feira-equipe-economica-e-presidente-do-bc\/","title":{"rendered":"Meirelles anuncia nesta ter\u00e7a-feira equipe econ\u00f4mica e presidente do BC"},"content":{"rendered":"<p>O ministro da Fazenda Henrique Meirelles\u00a0deve anunciar nesta ter\u00e7a-feira (17) quem ser\u00e1 indicado para presidir o Banco Central, os integrantes da sua equipe econ\u00f4mica no Minist\u00e9rio da Fazenda\u00a0e, tamb\u00e9m, os presidentes dos bancos oficiais, como Caixa e Banco do Brasil.\u00a0<\/p>\n<p>Os nomes mais cotados para comandar o Banco Central s\u00e3o de Ilan Goldfajn, economista-chefe do Ita\u00fa Unibanco, e de M\u00e1rio Mesquita, s\u00f3cio do banco Brasil Plural. Ambos j\u00e1 foram diretores do BC.<\/p>\n<p>O \u00fanico integrante da equipe econ\u00f4mica j\u00e1 anunciado por Meirelles para o segundo escal\u00e3o do Minist\u00e9rio da Fazenda foi o de Tarc\u00edsio Godoy, que ocupar\u00e1 o posto de secret\u00e1rio-executivo. Ele foi secret\u00e1rio do ex-ministro Joaquim Levy.<\/p>\n<p>Entre as especula\u00e7\u00f5es para compor a equipe do ministro Meirelles, no Minist\u00e9rio da Fazenda, aparecem os nomes de Carlos Hamilton (ex-diretor de Pol\u00edtica Econ\u00f4mica do Banco Central); Mansueto Almeida, t\u00e9cnico do Ipea especialista em contas p\u00fablicas; Marcos Mendes, consultor legislativo, e de Jorge Rachid &#8211; atual comandante do Fisco, que permaneceria no \u00f3rg\u00e3o.<\/p>\n<p><strong>Ajuste fiscal<\/strong><br \/>A equipe anunciada por Meirelles, no Minist\u00e9rio da Fazenda, ter\u00e1 a responsabilidade de conduzir um ajuste das contas p\u00fablicas brasileiras &#8211; que passam por forte deteriora\u00e7\u00e3o.<\/p>\n<p>Nos \u00faltimos dois anos, foram registrados d\u00e9ficits fiscais (despesas maiores que arrecada\u00e7\u00e3o), sendo o \u00faltimo deles, em 2015, superior a R$ 110 bilh\u00f5es.<\/p>\n<p>Para este ano, o ministro Meirelles j\u00e1 admitiu que dever\u00e1 ser registrado novo d\u00e9ficit e que ele dever\u00e1 superar a marca dos R$ 96 bilh\u00f5es. O mercado prev\u00ea um rombo pr\u00f3ximo de R$ 100 bilh\u00f5es tamb\u00e9m para 2017.<\/p>\n<p>O novo ministro da Fazenda j\u00e1 indicou que o ajuste nas contas, que em tese pode ser implementado por meio de cortes de gastos e de alta de tributos, \u00e9 um dos principais desafios da economia neste momento.<\/p>\n<p>Ele avaliou que a d\u00edvida p\u00fablica n\u00e3o pode continuar subindo na propor\u00e7\u00e3o com o PIB e que \u00e9 importante tentar retomar os super\u00e1vits nas contas p\u00fablicas. De acordo com Meirelles, a melhora das contas seria importante para a volta da confian\u00e7a dos investidores e consumidores, para o aumento do investimentos e, subsequentemente, para o retorno do processo de crescimento da economia com gera\u00e7\u00e3o de empregos.<\/p>\n<p>Para atingir o objetivo de reequilibrar as contas p\u00fablicas, Meirelles n\u00e3o descartou a possibilidade de retorno da Contribui\u00e7\u00e3o Provis\u00f3ria Sobre Movimenta\u00e7\u00e3o Financeira (CPMF) e tamb\u00e9m prop\u00f4s a reforma da Previd\u00eancia Social &#8211; que teria impacto nas contas p\u00fablicas no m\u00e9dio prazo. A ideia, nesse caso, seria fixar uma idade m\u00ednima de aposentadoria.<\/p>\n<p><strong>Foro privilegiado<\/strong><br \/>No caso do Banco Central, o novo ministro da Fazenda explicou na semana passada\u00a0que o futuro chefe da autoridade monet\u00e1ria deixar\u00e1 de ter status de ministro de Estado. Por\u00e9m, acrescentou que ser\u00e1 enviado um projeto de lei ao Congresso Nacional para que ele mantenha o foro privilegiado no Supremo Tribunal Federal (STF).<\/p>\n<p>&#8220;O processo foi claramente definido ontem. Que \u00e9 o seguinte: foi anunciado que o presidente do Banco Central deixar\u00e1 de ser ministro de Estado. No tentanto, h\u00e1 uma emenda constitucional que ser\u00e1 apresentada garantindo ao presidente do BC todas as condi\u00e7\u00f5es de trabalho que ele tem hoje como ministro de estado, por exemplo, o foro especial&#8221;, disse Meirelles.<\/p>\n<p>Ele acrescentou, ainda, que toda a diretoria do BC, por esse projeto que ser\u00e1 enviado ao Legislativo, tamb\u00e9m passar\u00e1 a ter foro privilegiado.<\/p>\n<p>&#8220;Mais ainda, passa a ser estendido a toda diretoria do BC, aperfei\u00e7oa a presente situa\u00e7\u00e3o. Nesse intervalo, presidente do BC continua como ministro de Estado. Deixa de ser quando for aprovada emenda constitucional&#8221;, declarou ele.<\/p>\n<p>Fonte: G1<\/p>\n","protected":false},"excerpt":{"rendered":"<p>O ministro da Fazenda Henrique Meirelles\u00a0deve anunciar nesta ter\u00e7a-feira (17) quem ser\u00e1 indicado para presidir o Banco Central, os integrantes da sua equipe econ\u00f4mica no&#8230;<\/p>\n","protected":false},"author":1182,"featured_media":19523,"comment_status":"closed","ping_status":"closed","sticky":false,"template":"","format":"standard","meta":{"footnotes":""},"categories":[6],"tags":[],"class_list":["post-19522","post","type-post","status-publish","format-standard","has-post-thumbnail","hentry","category-noticias"],"_links":{"self":[{"href":"https:\/\/www.sincomam.org.br\/index.php\/wp-json\/wp\/v2\/posts\/19522","targetHints":{"allow":["GET"]}}],"collection":[{"href":"https:\/\/www.sincomam.org.br\/index.php\/wp-json\/wp\/v2\/posts"}],"about":[{"href":"https:\/\/www.sincomam.org.br\/index.php\/wp-json\/wp\/v2\/types\/post"}],"author":[{"embeddable":true,"href":"https:\/\/www.sincomam.org.br\/index.php\/wp-json\/wp\/v2\/users\/1182"}],"replies":[{"embeddable":true,"href":"https:\/\/www.sincomam.org.br\/index.php\/wp-json\/wp\/v2\/comments?post=19522"}],"version-history":[{"count":1,"href":"https:\/\/www.sincomam.org.br\/index.php\/wp-json\/wp\/v2\/posts\/19522\/revisions"}],"predecessor-version":[{"id":19524,"href":"https:\/\/www.sincomam.org.br\/index.php\/wp-json\/wp\/v2\/posts\/19522\/revisions\/19524"}],"wp:featuredmedia":[{"embeddable":true,"href":"https:\/\/www.sincomam.org.br\/index.php\/wp-json\/wp\/v2\/media\/19523"}],"wp:attachment":[{"href":"https:\/\/www.sincomam.org.br\/index.php\/wp-json\/wp\/v2\/media?parent=19522"}],"wp:term":[{"taxonomy":"category","embeddable":true,"href":"https:\/\/www.sincomam.org.br\/index.php\/wp-json\/wp\/v2\/categories?post=19522"},{"taxonomy":"post_tag","embeddable":true,"href":"https:\/\/www.sincomam.org.br\/index.php\/wp-json\/wp\/v2\/tags?post=19522"}],"curies":[{"name":"wp","href":"https:\/\/api.w.org\/{rel}","templated":true}]}}