{"id":19503,"date":"2016-05-17T00:30:48","date_gmt":"2016-05-17T03:30:48","guid":{"rendered":"http:\/\/www.sincomam.org.br\/?p=19503"},"modified":"2016-05-17T08:30:51","modified_gmt":"2016-05-17T11:30:51","slug":"novo-ministro-dos-transportes-quer-ampliar-concessoes","status":"publish","type":"post","link":"https:\/\/www.sincomam.org.br\/index.php\/novo-ministro-dos-transportes-quer-ampliar-concessoes\/","title":{"rendered":"Novo ministro dos Transportes quer ampliar concess\u00f5es"},"content":{"rendered":"<p>O novo ministro dos Transportes, Portos e Avia\u00e7\u00e3o Civil, Maur\u00edcio Quintella (PR-AL), pretende seguir as orienta\u00e7\u00f5es do presidente interino Michel Temer (PMDB\u2013SP) e ampliar as concess\u00f5es e as privatiza\u00e7\u00f5es nos setores que administrar\u00e1. O plano foi anunciado em entrevista logo ap\u00f3s sua posse no Pal\u00e1cio do Planalto, em Bras\u00edlia.<\/p>\n<p>Segundo Quintella, sua equipe, em conjunto com as pastas da Fazenda e do Planejamento, ir\u00e1 fazer um levantamento nos segmentos de transporte, para apurar quais ativos podem atrair a iniciativa privada.<\/p>\n<p>Conforme o ministro, a ideia \u00e9 ampliar o m\u00e1ximo poss\u00edvel as concess\u00f5es e as privatiza\u00e7\u00f5es.<\/p>\n<p>Especificamente no setor portu\u00e1rio, algumas concess\u00f5es j\u00e1 est\u00e3o programadas. \u00c9 o caso de seis \u00e1reas em portos do Par\u00e1, que ser\u00e3o leiloadas pelo Governo Federal no dia 9 do pr\u00f3ximo m\u00eas. O processo era coordenado pela Secretaria de Portos da Presid\u00eancia da Rep\u00fablica (SEP), pasta que foi assimilada pelo Minist\u00e9rio dos Transportes.<\/p>\n<p>O tema das privatiza\u00e7\u00f5es tamb\u00e9m est\u00e1 presente na agenda dos empres\u00e1rios do setor. A Associa\u00e7\u00e3o Brasileira de Terminais Portu\u00e1rios (ABTP) defende que as gest\u00f5es dos portos p\u00fablicos, hoje a cargo das companhias docas, sejam repassadas \u00e0 iniciativa privada.<\/p>\n<p>Detalhes de como os complexos portu\u00e1rios brasileiros ser\u00e3o administrados a partir do Minist\u00e9rio dos Transportes ainda n\u00e3o foram definidos. Nos \u00faltimos dias, Maur\u00edcio Quintella j\u00e1 conversou com t\u00e9cnicos do Minist\u00e9rio dos Transportes que supervisionam os setores rodovi\u00e1rio e ferrovi\u00e1rio e deve se reunir com a equipe da SEP nos pr\u00f3ximos dias.<\/p>\n<p>Mas o ministro informou que o departamento de portos do Minist\u00e9rio ser\u00e1 coordenado por um indicado pelo PMDB.<\/p>\n<p>Quintella tamb\u00e9m informou que o departamento de avia\u00e7\u00e3o civil da pasta ser\u00e1 supervisionado por Dario Rais Lopes, ex-secret\u00e1rio estadual de Transportes de S\u00e3o Paulo e ex-secret\u00e1rio de Mobilidade Urbana do Minist\u00e9rio das Cidades na gest\u00e3o de Gilberto Kassab.<\/p>\n<p>Formado em Direito e deputado federal no quarto mandato pelo PR de Alagoas, Maur\u00edcio Quintella \u00e9 natural de Macei\u00f3 (AL) e tem 45 anos. Foi eleito vereador da capital alagoana em 1996 e em 2000. Chegou a ser presidente da C\u00e2mara de Vereadores, secret\u00e1rio municipal de Educa\u00e7\u00e3o de Macei\u00f3 e secret\u00e1rio estadual de Educa\u00e7\u00e3o de Alagoas.<\/p>\n<p>Na vota\u00e7\u00e3o do processo de impeachment da presidente Dilma Rousseff na C\u00e2mara dos Deputados, Quintella deixou o cargo de l\u00edder do partido (que era contra a medida) para votar favoravelmente ao afastamento da petista.<\/p>\n<p>Fonte: A Tribuna<\/p>\n","protected":false},"excerpt":{"rendered":"<p>O novo ministro dos Transportes, Portos e Avia\u00e7\u00e3o Civil, Maur\u00edcio Quintella (PR-AL), pretende seguir as orienta\u00e7\u00f5es do presidente interino Michel Temer (PMDB\u2013SP) e ampliar as&#8230;<\/p>\n","protected":false},"author":1182,"featured_media":19504,"comment_status":"closed","ping_status":"closed","sticky":false,"template":"","format":"standard","meta":{"footnotes":""},"categories":[6],"tags":[],"class_list":["post-19503","post","type-post","status-publish","format-standard","has-post-thumbnail","hentry","category-noticias"],"_links":{"self":[{"href":"https:\/\/www.sincomam.org.br\/index.php\/wp-json\/wp\/v2\/posts\/19503","targetHints":{"allow":["GET"]}}],"collection":[{"href":"https:\/\/www.sincomam.org.br\/index.php\/wp-json\/wp\/v2\/posts"}],"about":[{"href":"https:\/\/www.sincomam.org.br\/index.php\/wp-json\/wp\/v2\/types\/post"}],"author":[{"embeddable":true,"href":"https:\/\/www.sincomam.org.br\/index.php\/wp-json\/wp\/v2\/users\/1182"}],"replies":[{"embeddable":true,"href":"https:\/\/www.sincomam.org.br\/index.php\/wp-json\/wp\/v2\/comments?post=19503"}],"version-history":[{"count":2,"href":"https:\/\/www.sincomam.org.br\/index.php\/wp-json\/wp\/v2\/posts\/19503\/revisions"}],"predecessor-version":[{"id":19525,"href":"https:\/\/www.sincomam.org.br\/index.php\/wp-json\/wp\/v2\/posts\/19503\/revisions\/19525"}],"wp:featuredmedia":[{"embeddable":true,"href":"https:\/\/www.sincomam.org.br\/index.php\/wp-json\/wp\/v2\/media\/19504"}],"wp:attachment":[{"href":"https:\/\/www.sincomam.org.br\/index.php\/wp-json\/wp\/v2\/media?parent=19503"}],"wp:term":[{"taxonomy":"category","embeddable":true,"href":"https:\/\/www.sincomam.org.br\/index.php\/wp-json\/wp\/v2\/categories?post=19503"},{"taxonomy":"post_tag","embeddable":true,"href":"https:\/\/www.sincomam.org.br\/index.php\/wp-json\/wp\/v2\/tags?post=19503"}],"curies":[{"name":"wp","href":"https:\/\/api.w.org\/{rel}","templated":true}]}}