{"id":19497,"date":"2016-05-16T09:41:06","date_gmt":"2016-05-16T12:41:06","guid":{"rendered":"http:\/\/www.sincomam.org.br\/?p=19497"},"modified":"2016-05-16T09:41:06","modified_gmt":"2016-05-16T12:41:06","slug":"temer-diz-na-tv-que-nao-sera-candidato-a-reeleicao-em-2018","status":"publish","type":"post","link":"https:\/\/www.sincomam.org.br\/index.php\/temer-diz-na-tv-que-nao-sera-candidato-a-reeleicao-em-2018\/","title":{"rendered":"Temer diz na TV que n\u00e3o ser\u00e1 candidato \u00e0 reelei\u00e7\u00e3o em 2018"},"content":{"rendered":"<p>O presidente interino Michel Temer\u00a0afirmou que n\u00e3o tem a inten\u00e7\u00e3o de se candidatar \u00e0 reelei\u00e7\u00e3o. Em entrevista ao programa Fant\u00e1stico, da Rede Globo, Temer disse tamb\u00e9m que, se for confirmado no cargo para cumprir o mandato at\u00e9 31 de dezembro de 2018, pretende reduzir o desemprego\u00a0e entregar \u00e0 popula\u00e7\u00e3o um pa\u00eds pacificado.<\/p>\n<p>O presidente interino acrescentou que, caso cumpra essas tarefas, se dar\u00e1 por satisfeito. \u201cSe cumprir essa tarefa, me darei por enormemente satisfeito.\u201d\u00a0<\/p>\n<p>Diante da insist\u00eancia da rep\u00f3rter em questionar se ele n\u00e3o ser\u00e1 candidato em nenhuma hip\u00f3tese, Temer respondeu: \u201c\u00c9 uma pergunta complicada &#8216;nenhuma hip\u00f3tese&#8217;. De repente, pode acontecer, mas n\u00e3o \u00e9 minha inten\u00e7\u00e3o. E \u00e9 minha negativa. Estou negando a possibilidade de uma eventual reelei\u00e7\u00e3o, at\u00e9 porque isso me d\u00e1 maior tranquilidade. N\u00e3o preciso, digamos, praticar atos conducentes a uma eventual reelei\u00e7\u00e3o. Posso at\u00e9 ser impopular, desde que produza benef\u00edcios para o pa\u00eds.\u201d<\/p>\n<p>Sobre as cr\u00edticas pela aus\u00eancia de mulheres nos cargos de ministros em seu governo, Temer destacou que o mais importante n\u00e3o \u00e9 ter o r\u00f3tulo de ministro. Afirmou que um dos cargos de maior destaque da Presid\u00eancia da Rep\u00fablica, que \u00e9 a chefia de gabinete, \u00e9 ocupada por uma mulher.<\/p>\n<p>Informou ainda que ser\u00e3o ocupados por mulheres cargos de destaque nas secretarias de Cultura, Ci\u00eancia e Tecnologia e das Mulheres, Igualdade Racial e Direitos Humanos.<\/p>\n<h3>Centrais sindicais<\/h3>\n<p>Na entrevista, Temer disse ainda que vai demitir ministro que cometer irregularidades. \u201cSe houver um equ\u00edvoco, ou equ\u00edvocos administrativos, e, no particular, se houver irregularidades administrativas, eu demito o ministro\u201d, assegurou o presidente interino, que tomou posse e empossou os \u00a0novos ministros na quinta-feira (12).<\/p>\n<p>O presidente interino Michel Temer deve se reunir na tarde desta segunda-feira (16) com centrais sindicais para debater propostas de mudan\u00e7as na Previd\u00eancia Social. O encontro est\u00e1 previsto para ocorrer \u00e0s 15h, no Pal\u00e1cio do Planalto.\u00a0<\/p>\n<p>Foram convidados a participar centrais como UGT e For\u00e7a Sindical. tamb\u00e9m devem participar da conversa os\u00a0ministros da Casa Civil, Eliseu Padilha, da Fazenda, Henrique Meirelles, e do Trabalho, Ronaldo Nogueira.<\/p>\n<p>Fonte: Exame<\/p>\n","protected":false},"excerpt":{"rendered":"<p>O presidente interino Michel Temer\u00a0afirmou que n\u00e3o tem a inten\u00e7\u00e3o de se candidatar \u00e0 reelei\u00e7\u00e3o. Em entrevista ao programa Fant\u00e1stico, da Rede Globo, Temer disse&#8230;<\/p>\n","protected":false},"author":1182,"featured_media":19480,"comment_status":"closed","ping_status":"closed","sticky":false,"template":"","format":"standard","meta":{"footnotes":""},"categories":[6],"tags":[],"class_list":["post-19497","post","type-post","status-publish","format-standard","has-post-thumbnail","hentry","category-noticias"],"_links":{"self":[{"href":"https:\/\/www.sincomam.org.br\/index.php\/wp-json\/wp\/v2\/posts\/19497","targetHints":{"allow":["GET"]}}],"collection":[{"href":"https:\/\/www.sincomam.org.br\/index.php\/wp-json\/wp\/v2\/posts"}],"about":[{"href":"https:\/\/www.sincomam.org.br\/index.php\/wp-json\/wp\/v2\/types\/post"}],"author":[{"embeddable":true,"href":"https:\/\/www.sincomam.org.br\/index.php\/wp-json\/wp\/v2\/users\/1182"}],"replies":[{"embeddable":true,"href":"https:\/\/www.sincomam.org.br\/index.php\/wp-json\/wp\/v2\/comments?post=19497"}],"version-history":[{"count":1,"href":"https:\/\/www.sincomam.org.br\/index.php\/wp-json\/wp\/v2\/posts\/19497\/revisions"}],"predecessor-version":[{"id":19498,"href":"https:\/\/www.sincomam.org.br\/index.php\/wp-json\/wp\/v2\/posts\/19497\/revisions\/19498"}],"wp:featuredmedia":[{"embeddable":true,"href":"https:\/\/www.sincomam.org.br\/index.php\/wp-json\/wp\/v2\/media\/19480"}],"wp:attachment":[{"href":"https:\/\/www.sincomam.org.br\/index.php\/wp-json\/wp\/v2\/media?parent=19497"}],"wp:term":[{"taxonomy":"category","embeddable":true,"href":"https:\/\/www.sincomam.org.br\/index.php\/wp-json\/wp\/v2\/categories?post=19497"},{"taxonomy":"post_tag","embeddable":true,"href":"https:\/\/www.sincomam.org.br\/index.php\/wp-json\/wp\/v2\/tags?post=19497"}],"curies":[{"name":"wp","href":"https:\/\/api.w.org\/{rel}","templated":true}]}}