{"id":19490,"date":"2016-05-13T09:01:53","date_gmt":"2016-05-13T12:01:53","guid":{"rendered":"http:\/\/www.sincomam.org.br\/?p=19490"},"modified":"2016-05-13T09:02:53","modified_gmt":"2016-05-13T12:02:53","slug":"mendes-cede-a-aecio-e-diz-que-nao-ha-motivos-para-investigar","status":"publish","type":"post","link":"https:\/\/www.sincomam.org.br\/index.php\/mendes-cede-a-aecio-e-diz-que-nao-ha-motivos-para-investigar\/","title":{"rendered":"Mendes cede a A\u00e9cio e diz que n\u00e3o h\u00e1 motivos para investigar"},"content":{"rendered":"<div data-template-placeholder=\"content-placeholder\">\n<p>Menos de 24 horas depois de autorizar a abertura de um inqu\u00e9rito contra o presidente do PSDB, senador A\u00e9cio Neves\u00a0(MG), o ministro do Supremo Tribunal Federal\u00a0Gilmar Mendes acatou a argumenta\u00e7\u00e3o da defesa do tucano e suspendeu a fase de colheita de provas sobre o envolvimento de A\u00e9cio no esquema de propina ligado a Furnas.<\/p>\n<p>Segundo Gilmar, os advogados de A\u00e9cio conseguiram demonstrar que n\u00e3o h\u00e1 elementos novos que justifiquem a instaura\u00e7\u00e3o de um inqu\u00e9rito, visto que os detalhes que constam na dela\u00e7\u00e3o do ex-senador Delc\u00eddio Amaral (sem partido &#8211; MS) j\u00e1 eram de conhecimento da Procuradoria-Geral da Rep\u00fablica.<\/p>\n<p>&#8220;A peti\u00e7\u00e3o do parlamentar pode demonstrar que a retomada das investiga\u00e7\u00f5es ocorreu sem que haja novas provas, em viola\u00e7\u00e3o ao art. 18 do CPP e \u00e0 S\u00famula 524 do STF&#8221;, afirma o ministro.<\/p>\n<p>O ministro tamb\u00e9m determinou o retorno dos autos ao procurador-geral da Rep\u00fablica, Rodrigo Janot, &#8220;para que, \u00e0 vista da documenta\u00e7\u00e3o, requeira o que entender de direito&#8221;.<\/p>\n<p>O envolvimento de A\u00e9cio no esquema de Furnas havia sido mencionado anteriormente pelo doleiro Alberto Youssef em dela\u00e7\u00e3o premiada. Mas, \u00e0 \u00e9poca, a men\u00e7\u00e3o ao tucano foi arquivada a pedido de Janot, que considerou que as informa\u00e7\u00f5es do delator eram insuficientes.<\/p>\n<p>Para o procurador-geral, no entanto, a dela\u00e7\u00e3o de Delc\u00eddio trouxe elementos novos e corroboraram fatos narrados por Youssef, o que justificaria a abertura do inqu\u00e9rito.<\/p>\n<p>A\u00e9cio \u00e9 investigado por suposto recebimento de propina de empresas terceirizadas que mantinham contrato com Furnas. A vantagens indevidas seriam pagas pelas empresas ao ex-diretor da companhia, Dimas Toledo, que as repassava para o tucano.<\/p>\n<p>Na manifesta\u00e7\u00e3o de defesa enviada por A\u00e9cio a Gilmar, o senador afirma que o Tribunal de Contas da Uni\u00e3o realizou auditoria nos contratos de terceiriza\u00e7\u00e3o da companhia e n\u00e3o constatou ind\u00edcios de desvio. O tucano tamb\u00e9m esclareceu que seu av\u00f4 e o av\u00f4 de Dimas Toledo eram correligion\u00e1rios pol\u00edticos, o que explica a amizade das fam\u00edlias.<\/p>\n<p>Em outra linha da investiga\u00e7\u00e3o, est\u00e1 a suspeita de que recursos il\u00edcitos oriundos do esquema fossem lavados no exterior por meio de uma empresa ligada \u00e0 irm\u00e3 de A\u00e9cio, bem como pelo envio de valores a conta em Lichtenstein, utilizando o servi\u00e7o de doleiros.<\/p>\n<p>A defesa de A\u00e9cio alega que essa empresa foi aberta em 1993 e encerrou suas atividades em 1999, e n\u00e3o em 2010, o que faz com que a empresa estivesse fora de atividade na \u00e9poca em que A\u00e9cio \u00e9 acusado de participar do esquema de Furnas.<\/p>\n<p>Fonte: Exame<\/p>\n<div><\/div>\n<\/div>\n","protected":false},"excerpt":{"rendered":"<p>Menos de 24 horas depois de autorizar a abertura de um inqu\u00e9rito contra o presidente do PSDB, senador A\u00e9cio Neves\u00a0(MG), o ministro do Supremo Tribunal&#8230;<\/p>\n","protected":false},"author":1182,"featured_media":19491,"comment_status":"closed","ping_status":"closed","sticky":false,"template":"","format":"standard","meta":{"footnotes":""},"categories":[6],"tags":[],"class_list":["post-19490","post","type-post","status-publish","format-standard","has-post-thumbnail","hentry","category-noticias"],"_links":{"self":[{"href":"https:\/\/www.sincomam.org.br\/index.php\/wp-json\/wp\/v2\/posts\/19490","targetHints":{"allow":["GET"]}}],"collection":[{"href":"https:\/\/www.sincomam.org.br\/index.php\/wp-json\/wp\/v2\/posts"}],"about":[{"href":"https:\/\/www.sincomam.org.br\/index.php\/wp-json\/wp\/v2\/types\/post"}],"author":[{"embeddable":true,"href":"https:\/\/www.sincomam.org.br\/index.php\/wp-json\/wp\/v2\/users\/1182"}],"replies":[{"embeddable":true,"href":"https:\/\/www.sincomam.org.br\/index.php\/wp-json\/wp\/v2\/comments?post=19490"}],"version-history":[{"count":1,"href":"https:\/\/www.sincomam.org.br\/index.php\/wp-json\/wp\/v2\/posts\/19490\/revisions"}],"predecessor-version":[{"id":19492,"href":"https:\/\/www.sincomam.org.br\/index.php\/wp-json\/wp\/v2\/posts\/19490\/revisions\/19492"}],"wp:featuredmedia":[{"embeddable":true,"href":"https:\/\/www.sincomam.org.br\/index.php\/wp-json\/wp\/v2\/media\/19491"}],"wp:attachment":[{"href":"https:\/\/www.sincomam.org.br\/index.php\/wp-json\/wp\/v2\/media?parent=19490"}],"wp:term":[{"taxonomy":"category","embeddable":true,"href":"https:\/\/www.sincomam.org.br\/index.php\/wp-json\/wp\/v2\/categories?post=19490"},{"taxonomy":"post_tag","embeddable":true,"href":"https:\/\/www.sincomam.org.br\/index.php\/wp-json\/wp\/v2\/tags?post=19490"}],"curies":[{"name":"wp","href":"https:\/\/api.w.org\/{rel}","templated":true}]}}