{"id":19482,"date":"2016-05-13T00:05:43","date_gmt":"2016-05-13T03:05:43","guid":{"rendered":"http:\/\/www.sincomam.org.br\/?p=19482"},"modified":"2016-05-13T08:53:12","modified_gmt":"2016-05-13T11:53:12","slug":"oms-aponta-que-ar-e-ruim-na-maioria-das-cidades-do-planeta","status":"publish","type":"post","link":"https:\/\/www.sincomam.org.br\/index.php\/oms-aponta-que-ar-e-ruim-na-maioria-das-cidades-do-planeta\/","title":{"rendered":"OMS aponta que ar \u00e9 ruim na maioria das cidades do planeta"},"content":{"rendered":"<p>Em torno de 80% das pessoas que vivem em zonas urbanas est\u00e3o expostas a n\u00edveis de qualidade do ar que n\u00e3o respeitam os limites fixados pela Organiza\u00e7\u00e3o Mundial de Sa\u00fade (OMS), revela um estudo publicado nesta quinta-feira (12).<\/p>\n<p>&#8220;Apesar de todas as regi\u00f5es do mundo serem afetadas, os habitantes das cidades de baixa renda s\u00e3o os que mais sofrem as consequ\u00eancias&#8221;, alerta a OMS.<\/p>\n<p>Segundo o estudo, 98% das cidades com mais de 100 mil habitantes em pa\u00edses de renda baixa ou m\u00e9dia n\u00e3o respeitam as diretrizes da OMS sobre a qualidade do ar. Nos pa\u00edses de renda alta, este percentual cai para 56%.<\/p>\n<p>A contamina\u00e7\u00e3o do ar, devido a concentra\u00e7\u00f5es elevadas de pequenas part\u00edculas (MP10) e de part\u00edculas finas (MP2,5), que cont\u00eam sulfato, nitratos e carbono negro, representa o principal risco ambiental para a sa\u00fade.<\/p>\n<p>A polui\u00e7\u00e3o aumenta o risco de acidente vascular cerebral, de cardiopatia, de c\u00e2ncer de pulm\u00e3o e de doen\u00e7as respirat\u00f3rias agudas, especialmente asma, e provoca mais de tr\u00eas milh\u00f5es de mortes prematuras ao ano no mundo, destacou a OMS.<\/p>\n<p>&#8220;Quando o ar contaminado envolve nossas cidades, as popula\u00e7\u00f5es urbanas mais vulner\u00e1veis &#8211; como os mais jovens, mais idosos e mais pobres &#8211; s\u00e3o as mais afetadas&#8221;, disse a doutora Flavia Bustreo, subdiretora-geral da OMS encarregada do departamento de Sa\u00fade da Fam\u00edlia.<\/p>\n<p>Segundo os especialistas, que analisaram os n\u00edveis de part\u00edculas finas em 795 cidades de 67 pa\u00edses, os padr\u00f5es de contamina\u00e7\u00e3o atmosf\u00e9rica no meio urbano cresceram 8% entre 2008 e 2013.<\/p>\n<p>Os n\u00edveis mais elevados foram encontrados nos pa\u00edses de renda baixa e intermedi\u00e1ria do Mediterr\u00e2neo oriental e do sudeste asi\u00e1tico, onde os padr\u00f5es anuais m\u00e9dios s\u00e3o de cinco a dez vezes superiores aos limites fixados pela OMS.<\/p>\n<p>Segundo um quadro elaborado pelo organismo internacional, Riad, Nova D\u00e9li, Cairo e Pequim se encontram entre as cidades com o ar mais carregado de part\u00edculas MP10.<\/p>\n<p>Na Europa, os n\u00edveis de concentra\u00e7\u00e3o de part\u00edculas finas e ultrafinas s\u00e3o praticamente os mesmos em Londres e Genebra, e ligeiramente mais elevados em Paris e Roma.<\/p>\n<p>Para melhorar a qualidade do ar, a ag\u00eancia da ONU recomenda limitar as emiss\u00f5es industriais, aumentar o uso de energias renov\u00e1veis e dar prioridade ao transporte p\u00fablico e \u00e0s ciclovias.<\/p>\n","protected":false},"excerpt":{"rendered":"<p>Em torno de 80% das pessoas que vivem em zonas urbanas est\u00e3o expostas a n\u00edveis de qualidade do ar que n\u00e3o respeitam os limites fixados&#8230;<\/p>\n","protected":false},"author":1182,"featured_media":19483,"comment_status":"closed","ping_status":"closed","sticky":false,"template":"","format":"standard","meta":{"footnotes":""},"categories":[6],"tags":[],"class_list":["post-19482","post","type-post","status-publish","format-standard","has-post-thumbnail","hentry","category-noticias"],"_links":{"self":[{"href":"https:\/\/www.sincomam.org.br\/index.php\/wp-json\/wp\/v2\/posts\/19482","targetHints":{"allow":["GET"]}}],"collection":[{"href":"https:\/\/www.sincomam.org.br\/index.php\/wp-json\/wp\/v2\/posts"}],"about":[{"href":"https:\/\/www.sincomam.org.br\/index.php\/wp-json\/wp\/v2\/types\/post"}],"author":[{"embeddable":true,"href":"https:\/\/www.sincomam.org.br\/index.php\/wp-json\/wp\/v2\/users\/1182"}],"replies":[{"embeddable":true,"href":"https:\/\/www.sincomam.org.br\/index.php\/wp-json\/wp\/v2\/comments?post=19482"}],"version-history":[{"count":1,"href":"https:\/\/www.sincomam.org.br\/index.php\/wp-json\/wp\/v2\/posts\/19482\/revisions"}],"predecessor-version":[{"id":19484,"href":"https:\/\/www.sincomam.org.br\/index.php\/wp-json\/wp\/v2\/posts\/19482\/revisions\/19484"}],"wp:featuredmedia":[{"embeddable":true,"href":"https:\/\/www.sincomam.org.br\/index.php\/wp-json\/wp\/v2\/media\/19483"}],"wp:attachment":[{"href":"https:\/\/www.sincomam.org.br\/index.php\/wp-json\/wp\/v2\/media?parent=19482"}],"wp:term":[{"taxonomy":"category","embeddable":true,"href":"https:\/\/www.sincomam.org.br\/index.php\/wp-json\/wp\/v2\/categories?post=19482"},{"taxonomy":"post_tag","embeddable":true,"href":"https:\/\/www.sincomam.org.br\/index.php\/wp-json\/wp\/v2\/tags?post=19482"}],"curies":[{"name":"wp","href":"https:\/\/api.w.org\/{rel}","templated":true}]}}