{"id":19475,"date":"2016-05-16T01:10:51","date_gmt":"2016-05-16T04:10:51","guid":{"rendered":"http:\/\/www.sincomam.org.br\/?p=19475"},"modified":"2016-05-16T09:54:50","modified_gmt":"2016-05-16T12:54:50","slug":"portos-terao-r-26-bilhoes-de-investimentos-ate-2018","status":"publish","type":"post","link":"https:\/\/www.sincomam.org.br\/index.php\/portos-terao-r-26-bilhoes-de-investimentos-ate-2018\/","title":{"rendered":"Portos ter\u00e3o R$ 2,6 bilh\u00f5es de investimentos at\u00e9 2018"},"content":{"rendered":"<div>\n<p class=\"bodytext\">Ap\u00f3s uma reuni\u00e3o com a presidente Dilma Rousseff, o ministro-chefe da Secretaria de Portos (SEP), Maur\u00edcio Muniz, fez um balan\u00e7o das a\u00e7\u00f5es da pasta e \u2013 mesmo com o prov\u00e1vel afastamento da presidente da Rep\u00fablica, pelo Senado \u2013 destacou a\u00e7\u00f5es recentes de Dilma, falou em projetos futuros para o segmento e garantiu que, mesmo que \u201co golpe\u201d seja consumado, a pasta tem condi\u00e7\u00f5es de continuar o investimento no setor.\u00a0<\/p>\n<\/div>\n<div>\n<p class=\"bodytext\">\u201cCaso seja dada a continuidade a esse processo de golpe e afastamento de Dilma, o que o Governo deixa preparado \u00e9 o suficiente para dar condi\u00e7\u00f5es de todo esse processo de investimentos\u201d, disse.\u00a0<\/p>\n<\/div>\n<div>\n<p class=\"bodytext\">O ministro anunciou na ter\u00e7a-feira (10) que a pasta est\u00e1 viabilizando um total de R$ 2,6 bilh\u00f5es de investimentos na \u00e1rea portu\u00e1ria at\u00e9 2018, sendo que dois decretos, que totalizam R$ 2 bilh\u00f5es de investimentos nos pr\u00f3ximos tr\u00eas anos, j\u00e1 foram publicados na ter\u00e7a-feira (10) no Di\u00e1rio Oficial. Um deles \u00e9 a Declara\u00e7\u00e3o de Utilidade P\u00fablica (DUP) de \u00e1rea em Pontal do Paran\u00e1 (PR) para a implanta\u00e7\u00e3o de Terminal de Uso Privado (TUP) Porto de Pontal, com aportes previstos de R$ 1,5 bilh\u00e3o. E outro \u00e9 uma DUP de \u00e1rea em Itapo\u00e1 (SC) para a amplia\u00e7\u00e3o da TUP Porto de Itapo\u00e1, que prev\u00ea um aporte de R$ 448,1 milh\u00f5es.\u00a0<\/p>\n<\/div>\n<div>\n<p class=\"bodytext\">Al\u00e9m desses R$ 2 bilh\u00f5es, do total de R$ 2,6 bilh\u00f5es de investimentos previstos para o per\u00edodo, est\u00e3o estimados R$ 418 milh\u00f5es com novos arrendamentos; R$ 68 milh\u00f5es a partir da prorroga\u00e7\u00e3o do contrato de arrendamento do Terminal de Gran\u00e9is L\u00edquidos, no Porto de Santos, e mais R$ 139 milh\u00f5es para outros terminais de uso privado.\u00a0<\/p>\n<\/div>\n<div>\n<p class=\"bodytext\">Segundo Muniz, os an\u00fancios da pasta t\u00eam \u201ctotais condi\u00e7\u00f5es\u201d de serem implementados num eventual governo Michel Temer. \u201cIndependente do eventual afastamento, do golpe, a Secretaria est\u00e1 estruturada e os processos continuar\u00e3o normalmente\u201d, afirmou.<\/p>\n<\/div>\n<div>\n<p class=\"bodytext\">Entre outras medidas anunciadas, Muniz destacou a assinatura, na tarde de ontem, dos contratos de arrendamento das primeiras \u00e1reas portu\u00e1rias licitadas no \u00e2mbito do Programa de Investimento em Log\u00edstica (PIL), no leil\u00e3o realizado em dezembro do ano passado. Fibria e Terminal Exportador de Santos (TES), empresa constitu\u00edda a partir do cons\u00f3rcio entre Louis Dreyfus e Cargill, assumiram as \u00e1reas em Santos arrematadas no certame, se comprometendo a investir ao todo R$ 411,8 milh\u00f5es em infraestrutura \u2013 R$ 249,9 milh\u00f5es no TES e R$ 161,9 milh\u00f5es na instala\u00e7\u00e3o da F\u00edbria.<\/p>\n<\/div>\n<div>\n<p class=\"bodytext\"><strong>Recife<\/strong><\/p>\n<\/div>\n<div>\n<p class=\"bodytext\">Maur\u00edcio Muniz anunciou tamb\u00e9m investimentos em terminais de passageiros, no Recife (PE) e em Fortaleza (CE). Segundo ele, j\u00e1 foi publicado edital de licita\u00e7\u00e3o para o arrendamento do Terminal de Passageiros do Porto do Recife (PE), com uma estimativa de investimentos em de R$ 4,4 milh\u00f5es. J\u00e1 o de Fortaleza, destacou o ministro, foi publicada a abertura da consulta p\u00fablica para o arrendamento prevendo R$ 1,6 milh\u00e3o em investimentos.\u00a0<\/p>\n<\/div>\n<div>\n<p class=\"bodytext\">O ministro disse ainda que, desde que a Medida Provis\u00f3ria 595, que regulou o setor (e deu origem ao novo marco regulat\u00f3rio, a Lei n\u00ba 12.815, de 2013), foi aprovada em 2012 at\u00e9 o ano passado, o Governo concedeu 40 autoriza\u00e7\u00f5es de investimentos em portos privados e tr\u00eas renova\u00e7\u00f5es de arrendamento. De julho do ano passado at\u00e9 hoje, mais 28 autoriza\u00e7\u00f5es foram dadas e a estimativa at\u00e9 2018, segundo o ministro dos Portos, \u00e9 conceder mais 57 autoriza\u00e7\u00f5es.<\/p>\n<\/div>\n<div>\n<p class=\"bodytext\">\u201cTemos um conjunto significativo, de investimentos e de amplia\u00e7\u00e3o de capacidade portu\u00e1ria\u201d, afirmou.\u00a0<\/p>\n<\/div>\n","protected":false},"excerpt":{"rendered":"<p>Ap\u00f3s uma reuni\u00e3o com a presidente Dilma Rousseff, o ministro-chefe da Secretaria de Portos (SEP), Maur\u00edcio Muniz, fez um balan\u00e7o das a\u00e7\u00f5es da pasta e&#8230;<\/p>\n","protected":false},"author":1182,"featured_media":18377,"comment_status":"closed","ping_status":"closed","sticky":false,"template":"","format":"standard","meta":{"footnotes":""},"categories":[6],"tags":[],"class_list":["post-19475","post","type-post","status-publish","format-standard","has-post-thumbnail","hentry","category-noticias"],"_links":{"self":[{"href":"https:\/\/www.sincomam.org.br\/index.php\/wp-json\/wp\/v2\/posts\/19475","targetHints":{"allow":["GET"]}}],"collection":[{"href":"https:\/\/www.sincomam.org.br\/index.php\/wp-json\/wp\/v2\/posts"}],"about":[{"href":"https:\/\/www.sincomam.org.br\/index.php\/wp-json\/wp\/v2\/types\/post"}],"author":[{"embeddable":true,"href":"https:\/\/www.sincomam.org.br\/index.php\/wp-json\/wp\/v2\/users\/1182"}],"replies":[{"embeddable":true,"href":"https:\/\/www.sincomam.org.br\/index.php\/wp-json\/wp\/v2\/comments?post=19475"}],"version-history":[{"count":1,"href":"https:\/\/www.sincomam.org.br\/index.php\/wp-json\/wp\/v2\/posts\/19475\/revisions"}],"predecessor-version":[{"id":19476,"href":"https:\/\/www.sincomam.org.br\/index.php\/wp-json\/wp\/v2\/posts\/19475\/revisions\/19476"}],"wp:featuredmedia":[{"embeddable":true,"href":"https:\/\/www.sincomam.org.br\/index.php\/wp-json\/wp\/v2\/media\/18377"}],"wp:attachment":[{"href":"https:\/\/www.sincomam.org.br\/index.php\/wp-json\/wp\/v2\/media?parent=19475"}],"wp:term":[{"taxonomy":"category","embeddable":true,"href":"https:\/\/www.sincomam.org.br\/index.php\/wp-json\/wp\/v2\/categories?post=19475"},{"taxonomy":"post_tag","embeddable":true,"href":"https:\/\/www.sincomam.org.br\/index.php\/wp-json\/wp\/v2\/tags?post=19475"}],"curies":[{"name":"wp","href":"https:\/\/api.w.org\/{rel}","templated":true}]}}