{"id":19473,"date":"2016-05-13T00:40:55","date_gmt":"2016-05-13T03:40:55","guid":{"rendered":"http:\/\/www.sincomam.org.br\/?p=19473"},"modified":"2016-05-13T08:51:44","modified_gmt":"2016-05-13T11:51:44","slug":"para-setor-de-infraestrutura-temer-tem-de-reduzir-incertezas","status":"publish","type":"post","link":"https:\/\/www.sincomam.org.br\/index.php\/para-setor-de-infraestrutura-temer-tem-de-reduzir-incertezas\/","title":{"rendered":"Para setor de infraestrutura, Temer tem de reduzir incertezas"},"content":{"rendered":"<p>Executivos de empresas que atuam no setor de infraestrutura, como concess\u00f5es de energia, de rodovias e saneamento, apontam que o novo governo, a ser iniciado amanh\u00e3 ou sexta-feira, tem de garantir dois importantes pontos: a redu\u00e7\u00e3o das incertezas e a busca do equil\u00edbrio fiscal. Al\u00e9m disso, consideram importante a manuten\u00e7\u00e3o de di\u00e1logo com o empresariado que foi aberta pelo ex-ministro Eduardo Braga, de Minas e Energia.<\/p>\n<p>O presidente do grupo espanhol Arteris, David D\u00edas, espera que o novo governo de continuidade ao programa de concess\u00f5es da presidente Dilma Rousseff. \u201cClaro que alguns acertos podem ser feitos, mas \u00e9 importante que a infraestrutura seja um compromisso do pa\u00eds e n\u00e3o de partidos\u201d.<\/p>\n<p>No comando de um grupo que administra nove concession\u00e1rias com 3,250 mil quil\u00f4metros de rodovias, D\u00edas acredita que a volta da estabilidade pol\u00edtica pode levar o pa\u00eds a recuperar a confian\u00e7a da iniciativa privada e destravar investimentos. \u201cO bin\u00f4mio infraestrutura e iniciativa privada tem mostrado sucesso\u201d.<\/p>\n<p>Nisso, considera que o Congresso Nacional ter\u00e1 papel relevante. D\u00edas espera que os partidos pol\u00edticos tenham uma postura positiva em rela\u00e7\u00e3o \u00e0s necessidades do Brasil e votem sem interesses apenas partid\u00e1rios.<\/p>\n<p>Ele afirma que a estabilidade econ\u00f4mica, com queda da infla\u00e7\u00e3o, dos juros e, consequentemente, do custo do dinheiro para investimentos, n\u00e3o vir\u00e1 por decreto. Para isso, a independ\u00eancia do Banco Central \u00e9 fundamental.<\/p>\n<p>No setor el\u00e9trico, o presidente da CPFL Renov\u00e1veis, Andr\u00e9 Dorf, v\u00ea como positivo o processo de mudan\u00e7a de governo. Pode trazer a redu\u00e7\u00e3o da incerteza. A empresa n\u00e3o tem expectativa de uma revers\u00e3o na tend\u00eancia de crescimento das fontes renov\u00e1veis de energia, afirmou o executivo.<\/p>\n<p>J\u00e1 o presidente da comercializadora Focus Energia avalia que o prov\u00e1vel governo tempor\u00e1rio de Michel Temer precisa adotar medidas que resgatem a credibilidade do pa\u00eds, permitindo a volta ao mercado de cr\u00e9dito internacional. \u201cTemer precisa montar uma equipe econ\u00f4mica forte e conseguir aprovar \u201creformas profundas\u201d rapidamente\u201d.<\/p>\n<p>A possibilidade do retorno de Eduardo Braga (PMDB-AM) para o comando do Minist\u00e9rio de Minas e Energia (MME) \u00e9 vista positivamente. \u201cFoi um cara aberto, entendeu os problemas do setor\u201d, afirmou. Essa opini\u00e3o \u00e9 compartilhada por Xisto Vieira Filho, presidente da Associa\u00e7\u00e3o Brasileira dos Geradores Termel\u00e9tricos (Abraget) e por Nelson Leite, presidente da Associa\u00e7\u00e3o Brasileira dos Distribuidores de Energia El\u00e9trica (Abradee).<\/p>\n<p>Os nomes da equipe econ\u00f4mica que vieram a p\u00fablico para um poss\u00edvel governo Temer \u00e9 consistente com a busca por colocar o pa\u00eds \u201cde volta aos trilhos\u201d, afirmou o presidente da empresa de saneamento Aegea, Hamilton Amadeo. Ele considera que o vice-presidente far\u00e1 o melhor poss\u00edvel, embora pondere que o equil\u00edbrio fiscal n\u00e3o deve ser atingido em dois anos.<\/p>\n<p>Fonte: Valor Econ\u00f4mico<\/p>\n","protected":false},"excerpt":{"rendered":"<p>Executivos de empresas que atuam no setor de infraestrutura, como concess\u00f5es de energia, de rodovias e saneamento, apontam que o novo governo, a ser iniciado&#8230;<\/p>\n","protected":false},"author":1182,"featured_media":18922,"comment_status":"closed","ping_status":"closed","sticky":false,"template":"","format":"standard","meta":{"footnotes":""},"categories":[6],"tags":[],"class_list":["post-19473","post","type-post","status-publish","format-standard","has-post-thumbnail","hentry","category-noticias"],"_links":{"self":[{"href":"https:\/\/www.sincomam.org.br\/index.php\/wp-json\/wp\/v2\/posts\/19473","targetHints":{"allow":["GET"]}}],"collection":[{"href":"https:\/\/www.sincomam.org.br\/index.php\/wp-json\/wp\/v2\/posts"}],"about":[{"href":"https:\/\/www.sincomam.org.br\/index.php\/wp-json\/wp\/v2\/types\/post"}],"author":[{"embeddable":true,"href":"https:\/\/www.sincomam.org.br\/index.php\/wp-json\/wp\/v2\/users\/1182"}],"replies":[{"embeddable":true,"href":"https:\/\/www.sincomam.org.br\/index.php\/wp-json\/wp\/v2\/comments?post=19473"}],"version-history":[{"count":1,"href":"https:\/\/www.sincomam.org.br\/index.php\/wp-json\/wp\/v2\/posts\/19473\/revisions"}],"predecessor-version":[{"id":19474,"href":"https:\/\/www.sincomam.org.br\/index.php\/wp-json\/wp\/v2\/posts\/19473\/revisions\/19474"}],"wp:featuredmedia":[{"embeddable":true,"href":"https:\/\/www.sincomam.org.br\/index.php\/wp-json\/wp\/v2\/media\/18922"}],"wp:attachment":[{"href":"https:\/\/www.sincomam.org.br\/index.php\/wp-json\/wp\/v2\/media?parent=19473"}],"wp:term":[{"taxonomy":"category","embeddable":true,"href":"https:\/\/www.sincomam.org.br\/index.php\/wp-json\/wp\/v2\/categories?post=19473"},{"taxonomy":"post_tag","embeddable":true,"href":"https:\/\/www.sincomam.org.br\/index.php\/wp-json\/wp\/v2\/tags?post=19473"}],"curies":[{"name":"wp","href":"https:\/\/api.w.org\/{rel}","templated":true}]}}