{"id":19457,"date":"2016-05-13T00:23:22","date_gmt":"2016-05-13T03:23:22","guid":{"rendered":"http:\/\/www.sincomam.org.br\/?p=19457"},"modified":"2016-05-13T08:52:44","modified_gmt":"2016-05-13T11:52:44","slug":"estrutura-de-ex-mineradora-de-eike-batista-sofre-com-abandono","status":"publish","type":"post","link":"https:\/\/www.sincomam.org.br\/index.php\/estrutura-de-ex-mineradora-de-eike-batista-sofre-com-abandono\/","title":{"rendered":"Estrutura de ex-mineradora de Eike Batista sofre com abandono"},"content":{"rendered":"<p>Quase dois anos ap\u00f3s o fim da explora\u00e7\u00e3o de min\u00e9rio nas minas<a href=\"http:\/\/g1.globo.com\/ap\/amapa\/noticia\/2014\/03\/no-amapa-mineradora-anuncia-ferias-coletivas-dois-mil-trabalhadores.html\">\u00a0<\/a>do Amap\u00e1, o complexo administrativo da empresa Zamin Ferrous, em Santana, a 17 quil\u00f4metros de Macap\u00e1, mostra sinais de esquecimento e abandono.\u00a0<\/p>\n<p>A vis\u00e3o atual na \u00e1rea da Zamin \u00e9 de longe o cen\u00e1rio que almejou escoar seis milh\u00f5es de toneladas de ferro em 20 anos, atividade paralisada antes de completar uma d\u00e9cada, ap\u00f3s a primeira exporta\u00e7\u00e3o, em 2007, ainda sob a administra\u00e7\u00e3o do empres\u00e1rio Eike Batista.<\/p>\n<p>Mato alto, pr\u00e9dios com janelas danificadas, maquin\u00e1rios quebrados e vag\u00f5es do trem enferrujados no in\u00edcio da Estrada de Ferro do Amap\u00e1\u00a0(EFA) s\u00e3o reflexo da atividade mineral paralisada em Pedra Branda do Amapari, a 183 quil\u00f4metros de Macap\u00e1.<\/p>\n<div class=\"foto componente_materia midia-largura-620\">Depois da primeira exporta\u00e7\u00e3o, as a\u00e7\u00f5es posteriormente foram vendidas para a AngloAmerican no mesmo ano, que\u00a0\u00a0revendeu \u00e0 Zamin, \u00faltima administradora da concess\u00e3o. A produ\u00e7\u00e3o parou ap\u00f3s o desabamento do porto privado da empresa.Por causa do ostracismo provocado pelas empresas, a minera\u00e7\u00e3o sofreu a primeira interven\u00e7\u00e3o em julho de 2015, quando o governo do estado decretou a perda da ferrovia concedida \u00e0 Zamin. O caso foi parar na Justi\u00e7a, que manteve a caducidade.<\/div>\n<p>No local onde funcionava a mineradora, em Santana, apenas um vigilante toma conta do espa\u00e7o. Geradores e pe\u00e7as de m\u00e1quinas pesadas foram furtados, segundo a Secretaria de Estado de Transportes (Setrap), e precisam ser ressarcidos ao Amap\u00e1, que passou a ter posse de grande parte da infraestrutura montada \u00e0s margens do rio Amazonas.<\/p>\n<p>&#8220;Tudo que tem rela\u00e7\u00e3o com a ferrovia, que envolve os pr\u00e9dios e p\u00e1tio, faz parte do patrim\u00f4nio do estado. Grande parte foi depredada. Entregamos tudo funcionando com toda uma rela\u00e7\u00e3o de locomotivas, vag\u00f5es e demais equipamentos, tudo em perfeito estado&#8221;, afirmou o secret\u00e1rio de Transportes, Jorge Amanaj\u00e1s.<\/p>\n<p>Fonte: G1<\/p>\n","protected":false},"excerpt":{"rendered":"<p>Quase dois anos ap\u00f3s o fim da explora\u00e7\u00e3o de min\u00e9rio nas minas\u00a0do Amap\u00e1, o complexo administrativo da empresa Zamin Ferrous, em Santana, a 17 quil\u00f4metros&#8230;<\/p>\n","protected":false},"author":1182,"featured_media":18672,"comment_status":"closed","ping_status":"closed","sticky":false,"template":"","format":"standard","meta":{"footnotes":""},"categories":[6],"tags":[],"class_list":["post-19457","post","type-post","status-publish","format-standard","has-post-thumbnail","hentry","category-noticias"],"_links":{"self":[{"href":"https:\/\/www.sincomam.org.br\/index.php\/wp-json\/wp\/v2\/posts\/19457","targetHints":{"allow":["GET"]}}],"collection":[{"href":"https:\/\/www.sincomam.org.br\/index.php\/wp-json\/wp\/v2\/posts"}],"about":[{"href":"https:\/\/www.sincomam.org.br\/index.php\/wp-json\/wp\/v2\/types\/post"}],"author":[{"embeddable":true,"href":"https:\/\/www.sincomam.org.br\/index.php\/wp-json\/wp\/v2\/users\/1182"}],"replies":[{"embeddable":true,"href":"https:\/\/www.sincomam.org.br\/index.php\/wp-json\/wp\/v2\/comments?post=19457"}],"version-history":[{"count":2,"href":"https:\/\/www.sincomam.org.br\/index.php\/wp-json\/wp\/v2\/posts\/19457\/revisions"}],"predecessor-version":[{"id":19485,"href":"https:\/\/www.sincomam.org.br\/index.php\/wp-json\/wp\/v2\/posts\/19457\/revisions\/19485"}],"wp:featuredmedia":[{"embeddable":true,"href":"https:\/\/www.sincomam.org.br\/index.php\/wp-json\/wp\/v2\/media\/18672"}],"wp:attachment":[{"href":"https:\/\/www.sincomam.org.br\/index.php\/wp-json\/wp\/v2\/media?parent=19457"}],"wp:term":[{"taxonomy":"category","embeddable":true,"href":"https:\/\/www.sincomam.org.br\/index.php\/wp-json\/wp\/v2\/categories?post=19457"},{"taxonomy":"post_tag","embeddable":true,"href":"https:\/\/www.sincomam.org.br\/index.php\/wp-json\/wp\/v2\/tags?post=19457"}],"curies":[{"name":"wp","href":"https:\/\/api.w.org\/{rel}","templated":true}]}}