{"id":19452,"date":"2016-05-10T09:14:41","date_gmt":"2016-05-10T12:14:41","guid":{"rendered":"http:\/\/www.sincomam.org.br\/?p=19452"},"modified":"2016-05-10T09:14:41","modified_gmt":"2016-05-10T12:14:41","slug":"maranhao-recua-e-revoga-decisao-de-anular-sessao-do-impeachment","status":"publish","type":"post","link":"https:\/\/www.sincomam.org.br\/index.php\/maranhao-recua-e-revoga-decisao-de-anular-sessao-do-impeachment\/","title":{"rendered":"Maranh\u00e3o recua e revoga decis\u00e3o de anular sess\u00e3o do impeachment"},"content":{"rendered":"<p>O presidente em exerc\u00edcio da C\u00e2mara, deputado Waldir Maranh\u00e3o (PP-MA), decidiu na madrugada desta ter\u00e7a-feira (10) revogar a decis\u00e3o que proferiu pela manh\u00e3 para tentar anular a sess\u00e3o da C\u00e2mara que aprovou a abertura do processo de impeachment da presidente Dilma Rousseff.<\/p>\n<p>A Secretaria Geral da Mesa da C\u00e2mara recebeu a decis\u00e3o da revoga\u00e7\u00e3o por volta de 00h20. Maranh\u00e3o assinou dois of\u00edcios (<em>veja ao final desta reportagem<\/em>) \u2013 um com a revoga\u00e7\u00e3o da decis\u00e3o e outro destinado ao presidente do Senado, Renan Calheiros (PMDB-AL), informando sobre a nova delibera\u00e7\u00e3o, que dever\u00e1 ser publicada nesta ter\u00e7a. O processo de impeachment tramita desde a semana passada no Senado e ser\u00e1 votado no plen\u00e1rio nesta ter\u00e7a-feira, dia 10.<\/p>\n<p>Revogo a decis\u00e3o por mim proferida em 9 de maio de 2016 por meio da qual foram anuladas as sess\u00f5es do plen\u00e1rio da C\u00e2mara dos Deputados ocorridas dias 15, 16 e 17 de abril de 2016, nas quais se deliberou sobre a Den\u00fancia por Crime de Responsabilidade n.1\/2015&#8243;, diz o texto do of\u00edcio assinado por Waldir Maranh\u00e3o.<\/p>\n<p>A decis\u00e3o de Maranh\u00e3o de tentar anular a sess\u00e3o da C\u00e2mara que aprovou a abertura do processo de impeachment surpreendeu o meio pol\u00edtico pela manh\u00e3 e provocou grande movimenta\u00e7\u00e3o durante todo o dia. O partido PHS chegou a protocolar ao Supremo Tribunal Federal\u00a0(STF) um pedido para que a Corte derrubasse a medida tomada por Maranh\u00e3o.<\/p>\n<p>Em raz\u00e3o da decis\u00e3o de Maranh\u00e3o, colocou-se em d\u00favida se o resumo do relat\u00f3rio\u00a0aprovado pela comiss\u00e3o especial de impeachment seria lido na sess\u00e3o desta segunda do Senado \u2013 exig\u00eancia para que a mat\u00e9ria seja votada pelo plen\u00e1rio.<\/p>\n<p><strong>Repercuss\u00e3o da medida<\/strong><br \/>Depois de reuni\u00e3o com as principais lideran\u00e7as partid\u00e1rias do Senado, Renan Calheiros anunciou que, mesmo com a decis\u00e3o de Maranh\u00e3o \u2013 considerada &#8220;intempestiva&#8221; \u2013, a leitura do resumo do relat\u00f3rio e sess\u00e3o do plen\u00e1rio\u00a0desta quarta-feira estavam mantidas. Se a abertura do processo for aprovada pelos senadores, Dilma ser\u00e1 afastada da Presid\u00eancia da Rep\u00fablica por at\u00e9 180 dias.<\/p>\n<p>Ao justificar a decis\u00e3o de tentar anular a sess\u00e3o da C\u00e2mara \u2013 e antes de voltar atr\u00e1s \u2013, Maranh\u00e3o disse que o objetivo era &#8220;salvar a democracia&#8221;.<\/p>\n<p>Dentre as rea\u00e7\u00f5es \u00e0 medida de Maranh\u00e3o, partidos de oposi\u00e7\u00e3o amea\u00e7avam denunci\u00e1-lo ao Conselho de \u00c9tica, integrantes da mesa diretora j\u00e1 tinham programado uma reuni\u00e3o para pressionar o presidente interino a revogar a decis\u00e3o e deputados do PP iniciaram um movimento para expuls\u00e1-lo do partido.<\/p>\n<p>Antes de anunciar a decis\u00e3o pela manh\u00e3, o presidente interino se reuniu duas vezes com o ministro Jos\u00e9 Eduardo Cardozo, da Advocacia-Geral da Uni\u00e3o (AGU) \u2013 autora do pedido para anular a sess\u00e3o \u2013, e consultou o governador do Maranh\u00e3o, Flavio Dino (PCdoB), contr\u00e1rio ao impeachment da presidente Dilma Rousseff.<\/p>\n<div class=\"foto componente_materia midia-largura-620\"><img fetchpriority=\"high\" decoding=\"async\" alt=\"Of\u00edcio do presidente interino da C\u00e2mara, Waldir Maranh\u00e3o, com a revoga\u00e7\u00e3o da decis\u00e3o de anular a sess\u00e3o que aprovou abertura do processo de impeachment (Foto: Reprodu\u00e7\u00e3o)\" height=\"800\" src=\"http:\/\/s2.glbimg.com\/8lCtvXVS--PBH33OkTbEF5EHT_Y=\/s.glbimg.com\/jo\/g1\/f\/original\/2016\/05\/10\/decisaowaldirmanha.jpg\" title=\"Of\u00edcio do presidente interino da C\u00e2mara, Waldir Maranh\u00e3o, com a revoga\u00e7\u00e3o da decis\u00e3o de anular a sess\u00e3o que aprovou abertura do processo de impeachment (Foto: Reprodu\u00e7\u00e3o)\" width=\"620\" \/><br \/><span>Of\u00edcio do presidente interino da C\u00e2mara, Waldir Maranh\u00e3o, com a revoga\u00e7\u00e3o da decis\u00e3o de anular a sess\u00e3o que aprovou abertura do processo de impeachment (Foto: Reprodu\u00e7\u00e3o)<\/span><\/div>\n<p>&nbsp;<\/p>\n<div class=\"foto componente_materia midia-largura-620\"><img decoding=\"async\" alt=\"Of\u00edcio assinado por Waldir Maranh\u00e3o endere\u00e7ado ao presidente do Senado, Renan Calheiros (Foto: Reprodu\u00e7\u00e3o)\" height=\"800\" src=\"http:\/\/s2.glbimg.com\/P7-lAucaWNfers1FizRAzEPen_A=\/s.glbimg.com\/jo\/g1\/f\/original\/2016\/05\/10\/oficiomaranhao111.jpg\" title=\"Of\u00edcio assinado por Waldir Maranh\u00e3o endere\u00e7ado ao presidente do Senado, Renan Calheiros (Foto: Reprodu\u00e7\u00e3o)\" width=\"620\" \/><\/div>\n<div><\/div>\n","protected":false},"excerpt":{"rendered":"<p>O presidente em exerc\u00edcio da C\u00e2mara, deputado Waldir Maranh\u00e3o (PP-MA), decidiu na madrugada desta ter\u00e7a-feira (10) revogar a decis\u00e3o que proferiu pela manh\u00e3 para tentar&#8230;<\/p>\n","protected":false},"author":1182,"featured_media":19424,"comment_status":"closed","ping_status":"closed","sticky":false,"template":"","format":"standard","meta":{"footnotes":""},"categories":[6],"tags":[],"class_list":["post-19452","post","type-post","status-publish","format-standard","has-post-thumbnail","hentry","category-noticias"],"_links":{"self":[{"href":"https:\/\/www.sincomam.org.br\/index.php\/wp-json\/wp\/v2\/posts\/19452","targetHints":{"allow":["GET"]}}],"collection":[{"href":"https:\/\/www.sincomam.org.br\/index.php\/wp-json\/wp\/v2\/posts"}],"about":[{"href":"https:\/\/www.sincomam.org.br\/index.php\/wp-json\/wp\/v2\/types\/post"}],"author":[{"embeddable":true,"href":"https:\/\/www.sincomam.org.br\/index.php\/wp-json\/wp\/v2\/users\/1182"}],"replies":[{"embeddable":true,"href":"https:\/\/www.sincomam.org.br\/index.php\/wp-json\/wp\/v2\/comments?post=19452"}],"version-history":[{"count":1,"href":"https:\/\/www.sincomam.org.br\/index.php\/wp-json\/wp\/v2\/posts\/19452\/revisions"}],"predecessor-version":[{"id":19453,"href":"https:\/\/www.sincomam.org.br\/index.php\/wp-json\/wp\/v2\/posts\/19452\/revisions\/19453"}],"wp:featuredmedia":[{"embeddable":true,"href":"https:\/\/www.sincomam.org.br\/index.php\/wp-json\/wp\/v2\/media\/19424"}],"wp:attachment":[{"href":"https:\/\/www.sincomam.org.br\/index.php\/wp-json\/wp\/v2\/media?parent=19452"}],"wp:term":[{"taxonomy":"category","embeddable":true,"href":"https:\/\/www.sincomam.org.br\/index.php\/wp-json\/wp\/v2\/categories?post=19452"},{"taxonomy":"post_tag","embeddable":true,"href":"https:\/\/www.sincomam.org.br\/index.php\/wp-json\/wp\/v2\/tags?post=19452"}],"curies":[{"name":"wp","href":"https:\/\/api.w.org\/{rel}","templated":true}]}}