{"id":19447,"date":"2016-05-09T09:32:57","date_gmt":"2016-05-09T12:32:57","guid":{"rendered":"http:\/\/www.sincomam.org.br\/?p=19447"},"modified":"2016-05-09T09:32:57","modified_gmt":"2016-05-09T12:32:57","slug":"presidenta-dilma-inaugura-sede-da-embrapa-pesca-e-aquicultura","status":"publish","type":"post","link":"https:\/\/www.sincomam.org.br\/index.php\/presidenta-dilma-inaugura-sede-da-embrapa-pesca-e-aquicultura\/","title":{"rendered":"Presidenta Dilma inaugura sede da Embrapa Pesca e Aquicultura"},"content":{"rendered":"<p>A presidenta Dilma Rousseff e a ministra da Agricultura, Pecu\u00e1ria e Abastecimento, K\u00e1tia Abreu, inauguraram, na manh\u00e3 deste s\u00e1bado (7), a sede da Embrapa Pesca e Aquicultura, em Palmas (TO). Na ocasi\u00e3o, tamb\u00e9m foi apresentado, junto a parceiros do setor privado, o Plano Diretor para Desenvolvimento Regional do Matopiba (formado por partes do Maranh\u00e3o, Tocantins, Piau\u00ed e Bahia), que tra\u00e7a diretrizes para o desenvolvimento da regi\u00e3o at\u00e9 2035.<\/p>\n<p>Os investimentos do governo federal na constru\u00e7\u00e3o da sede, na compra de equipamentos e em outras obras menores somaram pouco mais de R$ 50 milh\u00f5es. Os recursos que financiaram a obra e o restante do projeto s\u00e3o integralmente provenientes do Or\u00e7amento da Uni\u00e3o, por meio do Minist\u00e9rio da Agricultura, ao qual a Embrapa \u00e9 vinculada. No evento, ser\u00e3o assinados diversos atos e conv\u00eanios. Entre eles, o do Projeto Embrapa \u2013 BNDES Aquicultura, com investimentos de R$ 57 milh\u00f5es, sendo 80% do Banco Nacional de Desenvolvimento Econ\u00f4mico e Social (BNDES), 10% do Minist\u00e9rio da Agricultura e 10% da pr\u00f3pria Embrapa.<\/p>\n<p>O projeto tem como objetivo desenvolver a\u00e7\u00f5es estruturantes e inova\u00e7\u00e3o para o fortalecimento das cadeias produtivas da aquicultura no Brasil. Entre os principais desafios est\u00e3o refinar tecnologias para sede da Embrapa Pesca e Aquicultura a til\u00e1pia e o camar\u00e3o marinho, gerar pacote tecnol\u00f3gico para o tambaqui e preencher lacunas de conhecimento para o bijupir\u00e1. O projeto vai durar quatro anos e envolver\u00e1 v\u00e1rias Unidades da Embrapa que trabalham com aquicultura, al\u00e9m de institui\u00e7\u00f5es parceiras Brasil afora.<\/p>\n<p>Matopiba<\/p>\n<p>Desenvolvido pelo Minist\u00e9rio da Agricultura, Pecu\u00e1ria e Abastecimento (Mapa) e pelas empresas Freedom Partners e The Boston Consulting Group (BCG), o Plano Diretor para Desenvolvimento Regional do Matopiba fornece diretrizes para que o Matopiba se torne refer\u00eancia mundial na tradu\u00e7\u00e3o do desenvolvimento acelerado do agroneg\u00f3cio em avan\u00e7os sociais em educa\u00e7\u00e3o, sa\u00fade e infraestrutura b\u00e1sica. A regi\u00e3o abrange 337 munic\u00edpios em 73 milh\u00f5es de hectares e atualmente conta com 6,3 milh\u00f5es de moradores.<\/p>\n<p>A primeira etapa do Plano Diretor foi entregue aos governadores do Matopiba por representantes da empresa de consultoria BCG, respons\u00e1vel pela realiza\u00e7\u00e3o t\u00e9cnica do projeto, e do fundo de investimentos Freedom Partners, que patrocina o estudo.<\/p>\n<p>A Embrapa Pesca e Aquicultura<br \/>Criada em agosto de 2009, a Embrapa Pesca e Aquicultura desenvolve trabalhos em duas frentes. Uma delas, que re\u00fane as tem\u00e1ticas de pesca e aquicultura, tem pesquisas em \u00e2mbito nacional. Regionalmente, na \u00e1rea do chamado Matopiba, trabalha com sistemas integrados e sustent\u00e1veis de produ\u00e7\u00e3o agropecu\u00e1ria.<\/p>\n<p>A constru\u00e7\u00e3o da Unidade representa o cumprimento de uma meta do projeto \u201cRevitaliza\u00e7\u00e3o e moderniza\u00e7\u00e3o da capacidade intelectual e da infraestrutura f\u00edsica da Embrapa\u201d, constante no Programa de Fortalecimento e Crescimento da Embrapa (PAC Embrapa). Al\u00e9m do centro no Tocantins, foram criadas a Embrapa Agrossilvipastoril (Sinop, MT) e a Embrapa Cocais (S\u00e3o Lu\u00eds, MA), com o intuito de ampliar os temas de pesquisa abordados pela Embrapa e ocupar os vazios institucionais, regi\u00f5es estrat\u00e9gicas para a pesquisa agropecu\u00e1ria que n\u00e3o estavam sendo cobertas plenamente pelas demais Unidades.<\/p>\n<p>Com a ocupa\u00e7\u00e3o da sede pr\u00f3pria, o centro poder\u00e1 executar suas a\u00e7\u00f5es de pesquisa, desenvolvimento e inova\u00e7\u00e3o com efici\u00eancia muito superior \u00e0quela que permitem as condi\u00e7\u00f5es atuais. Desde sua cria\u00e7\u00e3o, a Embrapa Pesca e Aquicultura ocupava instala\u00e7\u00f5es alugadas na capital tocantinense.<\/p>\n<p>Tecnologias<\/p>\n<p>Durante o evento de inaugura\u00e7\u00e3o, a Embrapa Pesca e Aquicultura apresentou dois de seus trabalhos: a identifica\u00e7\u00e3o gen\u00e9tica de peixes, que envolve a marca\u00e7\u00e3o dos animais por dispositivos de identifica\u00e7\u00e3o e de rastreamento e a coleta de material biol\u00f3gico para teste de DNA; e um prot\u00f3tipo de entreposto m\u00f3vel de pescado, que foi desenvolvido em conjunto com as empresas Engmaq (de Peritiba-SC) e Piscis (de Jaguaribara-CE) e consiste numa estrutura, ainda em fase de avalia\u00e7\u00e3o, para processamento de peixes.<\/p>\n<p>Fonte: Blog do Planalto<\/p>\n","protected":false},"excerpt":{"rendered":"<p>A presidenta Dilma Rousseff e a ministra da Agricultura, Pecu\u00e1ria e Abastecimento, K\u00e1tia Abreu, inauguraram, na manh\u00e3 deste s\u00e1bado (7), a sede da Embrapa Pesca&#8230;<\/p>\n","protected":false},"author":1182,"featured_media":18098,"comment_status":"closed","ping_status":"closed","sticky":false,"template":"","format":"standard","meta":{"footnotes":""},"categories":[6],"tags":[],"class_list":["post-19447","post","type-post","status-publish","format-standard","has-post-thumbnail","hentry","category-noticias"],"_links":{"self":[{"href":"https:\/\/www.sincomam.org.br\/index.php\/wp-json\/wp\/v2\/posts\/19447","targetHints":{"allow":["GET"]}}],"collection":[{"href":"https:\/\/www.sincomam.org.br\/index.php\/wp-json\/wp\/v2\/posts"}],"about":[{"href":"https:\/\/www.sincomam.org.br\/index.php\/wp-json\/wp\/v2\/types\/post"}],"author":[{"embeddable":true,"href":"https:\/\/www.sincomam.org.br\/index.php\/wp-json\/wp\/v2\/users\/1182"}],"replies":[{"embeddable":true,"href":"https:\/\/www.sincomam.org.br\/index.php\/wp-json\/wp\/v2\/comments?post=19447"}],"version-history":[{"count":1,"href":"https:\/\/www.sincomam.org.br\/index.php\/wp-json\/wp\/v2\/posts\/19447\/revisions"}],"predecessor-version":[{"id":19448,"href":"https:\/\/www.sincomam.org.br\/index.php\/wp-json\/wp\/v2\/posts\/19447\/revisions\/19448"}],"wp:featuredmedia":[{"embeddable":true,"href":"https:\/\/www.sincomam.org.br\/index.php\/wp-json\/wp\/v2\/media\/18098"}],"wp:attachment":[{"href":"https:\/\/www.sincomam.org.br\/index.php\/wp-json\/wp\/v2\/media?parent=19447"}],"wp:term":[{"taxonomy":"category","embeddable":true,"href":"https:\/\/www.sincomam.org.br\/index.php\/wp-json\/wp\/v2\/categories?post=19447"},{"taxonomy":"post_tag","embeddable":true,"href":"https:\/\/www.sincomam.org.br\/index.php\/wp-json\/wp\/v2\/tags?post=19447"}],"curies":[{"name":"wp","href":"https:\/\/api.w.org\/{rel}","templated":true}]}}