{"id":19438,"date":"2016-05-09T00:45:13","date_gmt":"2016-05-09T03:45:13","guid":{"rendered":"http:\/\/www.sincomam.org.br\/?p=19438"},"modified":"2016-05-08T16:48:13","modified_gmt":"2016-05-08T19:48:13","slug":"processo-contra-cunha-no-conselho-de-etica-nao-sera-interrompido","status":"publish","type":"post","link":"https:\/\/www.sincomam.org.br\/index.php\/processo-contra-cunha-no-conselho-de-etica-nao-sera-interrompido\/","title":{"rendered":"Processo contra Cunha no Conselho de \u00c9tica n\u00e3o ser\u00e1 interrompido"},"content":{"rendered":"<p>Para tentar ganhar tempo e convencer Eduardo Cunha a renunciar \u00e0 presid\u00eancia da C\u00e2mara, os aliados dele tentar\u00e3o paralisar o tr\u00e2mite do processo de quebra de decoro no Conselho de \u00c9tica da Casa. Na sexta-feira, alguns deputados j\u00e1 questionavam a possibilidade de manter o andamento do processo, j\u00e1 que ele est\u00e1 afastado do mandato. Mas, segundo a Secretaria Geral da Mesa, o processo no Conselho de \u00c9tica n\u00e3o se altera com o afastamento do cargo e segue normalmente seu tr\u00e2mite. O processo n\u00e3o \u00e9 paralisado nem quando o deputado renuncia. O mesmo entendimento \u00e9 defendido pelo presidente do \u00f3rg\u00e3o, Jos\u00e9 Carlos Ara\u00fajo (PR-BA) e pelo relator do processo, Marcos Rog\u00e9rio (DEM-BA).<\/p>\n<p>Entre os que defendem nova elei\u00e7\u00e3o para a presid\u00eancia h\u00e1 a cren\u00e7a de que o presidente interino Waldir Maranh\u00e3o (PP-MA), considerado um \u201cSeverino Cavalcanti piorado\u201d, vai ele mesmo se inviabilizar por incapacidade de tocar as sess\u00f5es e por virar vidra\u00e7a por seu envolvimento na Opera\u00e7\u00e3o Lava-Jato. Desde o afastamento de Cunha na quinta-feira, Maranh\u00e3o n\u00e3o apareceu para presidir as sess\u00f5es de quinta \u00e0 tarde nem a de sexta de manh\u00e3, inviabilizada por falta de quorum.<\/p>\n<p><strong>ESPERA DE DEZ DIAS<\/strong><\/p>\n<p>Os l\u00edderes da oposi\u00e7\u00e3o e do centr\u00e3o acham que o melhor \u00e9 esperar uns 10 dias, prazo em que imaginam que a imagem de Maranh\u00e3o estar\u00e1 t\u00e3o desgastada que ou o STF ou a Comiss\u00e3o de Constitui\u00e7\u00e3o e Justi\u00e7a poder\u00e3o responder a consultas sobre se \u00e9 poss\u00edvel decretar vac\u00e2ncia na presid\u00eancia da C\u00e2mara, \u201cque n\u00e3o poder\u00e1 ficar nove meses sob o comando de um presidente incapaz\u201d, tendo que comandar um duro processo de reformas do eventual governo Michel Temer para tirar o Brasil da crise.<\/p>\n<p>Segundo relatos de alguns dos deputados que visitaram Cunha na quinta-feira \u00e0 noite, os parlamentares criticaram a decis\u00e3o do STF, comentaram detalhes dos votos de cada ministro e, diferente dos que querem derrubar Maranh\u00e3o, alguns falaram da necessidade de apoi\u00e1-lo para &#8220;preparar o terreno&#8221; e ajudar na governabilidade do vice-presidente Michel Temer. Eles aconselharam Cunha a ligar para Maranh\u00e3o para &#8220;manter o di\u00e1logo aberto&#8221;.<\/p>\n<p>Apesar da mudan\u00e7a no status, a rotina na resid\u00eancia oficial, em Bras\u00edlia, continua a habitual. No fim da manh\u00e3 de sexta-feira chegaram \u00e0 casa de Cunha quatro caixas de frutas e verduras, entre as quais melancia, uva, ab\u00f3bora, abobrinha, tomate e alface.\u00a0A entrega, que custou cerca de R$ 500, foi feita por funcion\u00e1rios de uma das lojas da Ceasa, e paga por boleto banc\u00e1rio<\/p>\n","protected":false},"excerpt":{"rendered":"<p>Para tentar ganhar tempo e convencer Eduardo Cunha a renunciar \u00e0 presid\u00eancia da C\u00e2mara, os aliados dele tentar\u00e3o paralisar o tr\u00e2mite do processo de quebra&#8230;<\/p>\n","protected":false},"author":1182,"featured_media":18249,"comment_status":"closed","ping_status":"closed","sticky":false,"template":"","format":"standard","meta":{"footnotes":""},"categories":[6],"tags":[],"class_list":["post-19438","post","type-post","status-publish","format-standard","has-post-thumbnail","hentry","category-noticias"],"_links":{"self":[{"href":"https:\/\/www.sincomam.org.br\/index.php\/wp-json\/wp\/v2\/posts\/19438","targetHints":{"allow":["GET"]}}],"collection":[{"href":"https:\/\/www.sincomam.org.br\/index.php\/wp-json\/wp\/v2\/posts"}],"about":[{"href":"https:\/\/www.sincomam.org.br\/index.php\/wp-json\/wp\/v2\/types\/post"}],"author":[{"embeddable":true,"href":"https:\/\/www.sincomam.org.br\/index.php\/wp-json\/wp\/v2\/users\/1182"}],"replies":[{"embeddable":true,"href":"https:\/\/www.sincomam.org.br\/index.php\/wp-json\/wp\/v2\/comments?post=19438"}],"version-history":[{"count":1,"href":"https:\/\/www.sincomam.org.br\/index.php\/wp-json\/wp\/v2\/posts\/19438\/revisions"}],"predecessor-version":[{"id":19439,"href":"https:\/\/www.sincomam.org.br\/index.php\/wp-json\/wp\/v2\/posts\/19438\/revisions\/19439"}],"wp:featuredmedia":[{"embeddable":true,"href":"https:\/\/www.sincomam.org.br\/index.php\/wp-json\/wp\/v2\/media\/18249"}],"wp:attachment":[{"href":"https:\/\/www.sincomam.org.br\/index.php\/wp-json\/wp\/v2\/media?parent=19438"}],"wp:term":[{"taxonomy":"category","embeddable":true,"href":"https:\/\/www.sincomam.org.br\/index.php\/wp-json\/wp\/v2\/categories?post=19438"},{"taxonomy":"post_tag","embeddable":true,"href":"https:\/\/www.sincomam.org.br\/index.php\/wp-json\/wp\/v2\/tags?post=19438"}],"curies":[{"name":"wp","href":"https:\/\/api.w.org\/{rel}","templated":true}]}}