{"id":19433,"date":"2016-05-09T00:09:09","date_gmt":"2016-05-09T03:09:09","guid":{"rendered":"http:\/\/www.sincomam.org.br\/?p=19433"},"modified":"2016-05-08T16:38:25","modified_gmt":"2016-05-08T19:38:25","slug":"trio-do-pt-que-causou-ira-de-cunha-contra-o-governo-nao-se-arrepende","status":"publish","type":"post","link":"https:\/\/www.sincomam.org.br\/index.php\/trio-do-pt-que-causou-ira-de-cunha-contra-o-governo-nao-se-arrepende\/","title":{"rendered":"Trio do PT que causou ira de Cunha contra o governo n\u00e3o se arrepende"},"content":{"rendered":"<h1 itemprop=\"headline\"><\/h1>\n<p>O in\u00edcio da derrocada do governo Dilma Rousseff teve dia, hora e local: 2 de dezembro de 2015, \u00e0s 14h, no Conselho de \u00c9tica da C\u00e2mara. No in\u00edcio daquela tarde de quarta-feira, tr\u00eas deputados do PT, que viriam a se tornar figuras capitais na queda da presidente, n\u00e3o tinham dimens\u00e3o que faziam Hist\u00f3ria. Uma hist\u00f3ria que n\u00e3o iria agrad\u00e1-los. Z\u00e9 Geraldo (PA), L\u00e9o de Brito (AC) e Valmir Prascidelli (SP), titulares do conselho, depois de muita press\u00e3o anunciavam que iriam votar pela cassa\u00e7\u00e3o do mandato do ent\u00e3o poderoso presidente da Casa, Eduardo Cunha (PMDB-RJ).<\/p>\n<p>Em retalia\u00e7\u00e3o, quatro horas depois, \u00e0s 18h, o peemedebista, num gesto que reuniu um volume de pessoas at\u00e9 ent\u00e3o n\u00e3o visto em suas coletivas, anunciava a abertura do processo de impeachment contra a presidente Dilma. Dezenas de parlamentares aproveitavam a cena para fazer selfies e gravar v\u00eddeos tendo Cunha ao fundo falando.<\/p>\n<p>Nesta semana, ao GLOBO, os tr\u00eas petistas relataram como foram aqueles dias, a press\u00e3o que viveram e se, afinal, tinham no\u00e7\u00e3o de que o gesto que fizeram levaria \u00e0 consequ\u00eancia que levou: o quase inevit\u00e1vel impeachment de Dilma.<\/p>\n<p>\u2014 Voc\u00eas n\u00e3o t\u00eam ideia do que era nossa afli\u00e7\u00e3o. A press\u00e3o sobre n\u00f3s foi muito grande. E press\u00e3o do Eduardo Cunha. Estava claro que, se vot\u00e1ssemos contra ele, seria aberto o processo de impeachment contra a presidenta Dilma. Eduardo Cunha n\u00e3o blefa nesse tipo de coisa \u2014 lembra L\u00e9o de Brito.<\/p>\n<p><strong>\u201cPRESS\u00c3O SUBJETIVA\u201d PARA APOIAR CUNHA<\/strong><\/p>\n<p>O deputado conta que \u201cfoi tudo muito desconfort\u00e1vel\u201d pois era \u201cuma decis\u00e3o de grande complexidade\u201d.<\/p>\n<p>\u2014 Olhando para tr\u00e1s, n\u00e3o t\u00ednhamos d\u00favida, tamb\u00e9m, que o presidente da C\u00e2mara seria afastado. Mas n\u00e3o foi \u2014 complementa Brito, em entrevista concedida na \u00faltima quarta-feira, um dia antes de o ministro Teori Zavascki, do STF, decidir pelo afastamento de Cunha.<\/p>\n<p>Z\u00e9 Geraldo, o mais radical entre os tr\u00eas, \u00e9 direto: diz que uma decis\u00e3o diferente da que tomaram seria o suic\u00eddio pol\u00edtico de todos. O petista acha que faltou mobiliza\u00e7\u00e3o popular.<\/p>\n<p>\u2014 Achei que, com nossa atitude, haveria uma ofensiva para tirar Eduardo Cunha. A esquerda, o PT, os aliados n\u00e3o intensificaram a luta. Dever\u00edamos ter feito um acampamento permanente na Esplanada, com cinco mil, dez mil pessoas cobrando do STF a sa\u00edda de Cunha. Ficou tudo muito calmo, muito solto \u2014 afirma Z\u00e9 Geraldo.<\/p>\n<p>O deputado s\u00f3 via aquela sa\u00edda para eles e afirma que \u201ctinha gente no PT que achava que n\u00e3o valeria a pena brigar com Eduardo Cunha, que n\u00e3o seria positivo\u201d.<\/p>\n<p>\u2014 N\u00e3o t\u00ednhamos nenhuma sustenta\u00e7\u00e3o do partido. \u00cdamos virar ref\u00e9ns dele (Cunha) se o apoi\u00e1ssemos. Seria um suic\u00eddio pol\u00edtico \u2014 conclui Z\u00e9 Geraldo.<\/p>\n<p>Valmir Prascidelli diz que Eduardo Cunha fez uma revanche a c\u00e9u aberto e recorre a um termo diferente dos colegas. Segundo ele, houve uma \u201cpress\u00e3o subjetiva muito grande\u201d para apoiarem Cunha no conselho.<\/p>\n<p>\u2014 Seria leviano dizer que houve uma press\u00e3o expl\u00edcita. Mas subjetiva, quem viveu, sabe. E como se deu? Em conversas nos corredores, em entrevistas de um ou outro deputado, funcion\u00e1rios que chegavam e nos diziam que Cunha iria retaliar. E por a\u00ed vai. E, se aquilo n\u00e3o foi revanchismo, n\u00e3o sei mais o que \u00e9 \u2014 afirma Prascidelli, que, no entanto, se diz seguro da decis\u00e3o tomada: \u2014 N\u00e3o me arrependo do meu voto, imagina! N\u00e3o me arrependo de nada.<\/p>\n<p>Fonte: O Globo<\/p>\n","protected":false},"excerpt":{"rendered":"<p>O in\u00edcio da derrocada do governo Dilma Rousseff teve dia, hora e local: 2 de dezembro de 2015, \u00e0s 14h, no Conselho de \u00c9tica da&#8230;<\/p>\n","protected":false},"author":1182,"featured_media":19434,"comment_status":"closed","ping_status":"closed","sticky":false,"template":"","format":"standard","meta":{"footnotes":""},"categories":[6],"tags":[],"class_list":["post-19433","post","type-post","status-publish","format-standard","has-post-thumbnail","hentry","category-noticias"],"_links":{"self":[{"href":"https:\/\/www.sincomam.org.br\/index.php\/wp-json\/wp\/v2\/posts\/19433","targetHints":{"allow":["GET"]}}],"collection":[{"href":"https:\/\/www.sincomam.org.br\/index.php\/wp-json\/wp\/v2\/posts"}],"about":[{"href":"https:\/\/www.sincomam.org.br\/index.php\/wp-json\/wp\/v2\/types\/post"}],"author":[{"embeddable":true,"href":"https:\/\/www.sincomam.org.br\/index.php\/wp-json\/wp\/v2\/users\/1182"}],"replies":[{"embeddable":true,"href":"https:\/\/www.sincomam.org.br\/index.php\/wp-json\/wp\/v2\/comments?post=19433"}],"version-history":[{"count":1,"href":"https:\/\/www.sincomam.org.br\/index.php\/wp-json\/wp\/v2\/posts\/19433\/revisions"}],"predecessor-version":[{"id":19435,"href":"https:\/\/www.sincomam.org.br\/index.php\/wp-json\/wp\/v2\/posts\/19433\/revisions\/19435"}],"wp:featuredmedia":[{"embeddable":true,"href":"https:\/\/www.sincomam.org.br\/index.php\/wp-json\/wp\/v2\/media\/19434"}],"wp:attachment":[{"href":"https:\/\/www.sincomam.org.br\/index.php\/wp-json\/wp\/v2\/media?parent=19433"}],"wp:term":[{"taxonomy":"category","embeddable":true,"href":"https:\/\/www.sincomam.org.br\/index.php\/wp-json\/wp\/v2\/categories?post=19433"},{"taxonomy":"post_tag","embeddable":true,"href":"https:\/\/www.sincomam.org.br\/index.php\/wp-json\/wp\/v2\/tags?post=19433"}],"curies":[{"name":"wp","href":"https:\/\/api.w.org\/{rel}","templated":true}]}}