{"id":19423,"date":"2016-05-09T00:00:29","date_gmt":"2016-05-09T03:00:29","guid":{"rendered":"http:\/\/www.sincomam.org.br\/?p=19423"},"modified":"2016-05-09T09:39:54","modified_gmt":"2016-05-09T12:39:54","slug":"presidente-interino-da-camara-tem-fama-de-politico-hesitante","status":"publish","type":"post","link":"https:\/\/www.sincomam.org.br\/index.php\/presidente-interino-da-camara-tem-fama-de-politico-hesitante\/","title":{"rendered":"Presidente interino da C\u00e2mara tem fama de pol\u00edtico hesitante"},"content":{"rendered":"<p>Afilhado pol\u00edtico da fam\u00edlia Sarney, o deputado Waldir Maranh\u00e3o (PP-MA) atuou at\u00e9 o momento \u00e0 sombra de Eduardo Cunha<a href=\"http:\/\/www.exame.com.br\/topicos\/eduardo-cunha\"><strong>\u00a0<\/strong><\/a>(PMDB-RJ).\u00a0<\/p>\n<p>Al\u00e7ado \u00e0 vice-presid\u00eancia da Casa por um acordo com o\u00a0PP\u00a0em troca de apoio para eleger Cunha presidente, Maranh\u00e3o \u00e9 visto pelos colegas como um pol\u00edtico hesitante, fraco, sem capacidade de decis\u00e3o e que se submete \u00e0 press\u00e3o.<\/p>\n<p>De perfil discreto e avesso a entrevistas, Maranh\u00e3o s\u00f3 saiu do ostracismo ao conceder recursos a favor de Cunha. Suas decis\u00f5es tumultuaram o andamento no Conselho de \u00c9tica do processo por quebra de decoro parlamentar contra o peemedebista.\u00a0<\/p>\n<p>Com sua caneta, Maranh\u00e3o destituiu o relator do caso, depois exigiu que o parecer pr\u00e9vio fosse votado mais uma vez para que os aliados de Cunha pudessem pedir vista. Recentemente, restringiu o escopo da investiga\u00e7\u00e3o.\u00a0<\/p>\n<p>A \u00fanica vez que Maranh\u00e3o n\u00e3o seguiu o aliado foi na vota\u00e7\u00e3o do impeachment da presidente Dilma Rousseff, quando fez um discurso refor\u00e7ando sua fidelidade a Cunha, mas votou contra o afastamento.\u00a0<\/p>\n<p>O voto em apoio ao governo petista se deve ao fato de atualmente Maranh\u00e3o ser pr\u00f3ximo do governador de seu Estado, Fl\u00e1vio Dino (PCdoB), e de ter esperan\u00e7a de disputar uma vaga no Senado.<\/p>\n<p>O deputado come\u00e7ou sua carreira pol\u00edtica sob as b\u00ean\u00e7\u00e3os da fam\u00edlia Sarney. Em uma gest\u00e3o criticada, foi reitor da Universidade Estadual do Maranh\u00e3o e, mais tarde, secret\u00e1rio de Ci\u00eancia e Tecnologia no governo Roseana Sarney (PMDB), de 2009 a 2010.<\/p>\n<p>A ascens\u00e3o de Maranh\u00e3o n\u00e3o agrada a boa parte da Casa. Parlamentares dizem que sua fraqueza pol\u00edtica tornar\u00e1 a C\u00e2mara ingovern\u00e1vel.\u00a0<\/p>\n<p>&#8220;Ele ser\u00e1 um Severino 2&#8221;, prev\u00ea um l\u00edder partid\u00e1rio, comparando Maranh\u00e3o ao ex-presidente da C\u00e2mara Severino Cavalcanti (PP-PE).\u00a0<\/p>\n<p>Acusado em 2005 de cobrar propinas de empres\u00e1rios que administravam restaurantes na Casa, Severino renunciou ao mandato \u00e0s v\u00e9speras da instaura\u00e7\u00e3o de processo disciplinar no Conselho de \u00c9tica.<\/p>\n<h3><b>Inqu\u00e9ritos<\/b><\/h3>\n<p>Maranh\u00e3o tamb\u00e9m \u00e9 alvo de inqu\u00e9rito no \u00e2mbito da Opera\u00e7\u00e3o Lava Jato.\u00a0<\/p>\n<p>Alberto Youssef, condenado por lavagem de dinheiro e acusado por outros crimes, relatou que Maranh\u00e3o foi um dos pol\u00edticos do PP que receberam dinheiro por meio de uma empresa usada pelo doleiro para distribuir propina oriunda de contratos da Petrobras.<\/p>\n<p>O deputado do PP \u00e9 ainda alvo de outros dois inqu\u00e9ritos que tramitam no STF, nos quais \u00e9 acusado de crimes como lavagem de dinheiro e oculta\u00e7\u00e3o de bens.\u00a0<\/p>\n<p>Ele tamb\u00e9m traz no curr\u00edculo outros questionamentos na Justi\u00e7a Eleitoral e teve suas contas de campanha de 2010 para deputado rejeitadas pelo Tribunal Regional Eleitoral do Maranh\u00e3o (TRE-MA).<\/p>\n<p>M\u00e9dico veterin\u00e1rio de forma\u00e7\u00e3o, Maranh\u00e3o est\u00e1 no terceiro mandato consecutivo como deputado federal. Ele se filiou ao PP em 2007 e j\u00e1 foi filiado ao PDT, ao PSB e ao PTB. <\/p>\n<p>As informa\u00e7\u00f5es s\u00e3o do jornal\u00a0O Estado de S. Paulo.<\/p>\n","protected":false},"excerpt":{"rendered":"<p>Afilhado pol\u00edtico da fam\u00edlia Sarney, o deputado Waldir Maranh\u00e3o (PP-MA) atuou at\u00e9 o momento \u00e0 sombra de Eduardo Cunha\u00a0(PMDB-RJ).\u00a0 Al\u00e7ado \u00e0 vice-presid\u00eancia da Casa por&#8230;<\/p>\n","protected":false},"author":1182,"featured_media":19424,"comment_status":"closed","ping_status":"closed","sticky":false,"template":"","format":"standard","meta":{"footnotes":""},"categories":[6],"tags":[],"class_list":["post-19423","post","type-post","status-publish","format-standard","has-post-thumbnail","hentry","category-noticias"],"_links":{"self":[{"href":"https:\/\/www.sincomam.org.br\/index.php\/wp-json\/wp\/v2\/posts\/19423","targetHints":{"allow":["GET"]}}],"collection":[{"href":"https:\/\/www.sincomam.org.br\/index.php\/wp-json\/wp\/v2\/posts"}],"about":[{"href":"https:\/\/www.sincomam.org.br\/index.php\/wp-json\/wp\/v2\/types\/post"}],"author":[{"embeddable":true,"href":"https:\/\/www.sincomam.org.br\/index.php\/wp-json\/wp\/v2\/users\/1182"}],"replies":[{"embeddable":true,"href":"https:\/\/www.sincomam.org.br\/index.php\/wp-json\/wp\/v2\/comments?post=19423"}],"version-history":[{"count":2,"href":"https:\/\/www.sincomam.org.br\/index.php\/wp-json\/wp\/v2\/posts\/19423\/revisions"}],"predecessor-version":[{"id":19451,"href":"https:\/\/www.sincomam.org.br\/index.php\/wp-json\/wp\/v2\/posts\/19423\/revisions\/19451"}],"wp:featuredmedia":[{"embeddable":true,"href":"https:\/\/www.sincomam.org.br\/index.php\/wp-json\/wp\/v2\/media\/19424"}],"wp:attachment":[{"href":"https:\/\/www.sincomam.org.br\/index.php\/wp-json\/wp\/v2\/media?parent=19423"}],"wp:term":[{"taxonomy":"category","embeddable":true,"href":"https:\/\/www.sincomam.org.br\/index.php\/wp-json\/wp\/v2\/categories?post=19423"},{"taxonomy":"post_tag","embeddable":true,"href":"https:\/\/www.sincomam.org.br\/index.php\/wp-json\/wp\/v2\/tags?post=19423"}],"curies":[{"name":"wp","href":"https:\/\/api.w.org\/{rel}","templated":true}]}}