{"id":19421,"date":"2016-05-06T10:34:45","date_gmt":"2016-05-06T13:34:45","guid":{"rendered":"http:\/\/www.sincomam.org.br\/?p=19421"},"modified":"2016-05-06T10:34:45","modified_gmt":"2016-05-06T13:34:45","slug":"mpf-pede-o-fim-de-eventos-externos-em-terminal-de-passageiros-de-santos","status":"publish","type":"post","link":"https:\/\/www.sincomam.org.br\/index.php\/mpf-pede-o-fim-de-eventos-externos-em-terminal-de-passageiros-de-santos\/","title":{"rendered":"MPF pede o fim de eventos externos em terminal de passageiros de Santos"},"content":{"rendered":"<p>O Minist\u00e9rio P\u00fablico Federal (MPF) recomendou que n\u00e3o ocorram mais eventos culturais, empresariais ou institucionais na \u00e1rea externa do Terminal Mar\u00edtimo de Passageiros Giusfredo Santini, administrado pelo Concais, no Porto de Santos. Para a Procuradoria, a\u00e7\u00f5es de grande porte podem colocar em risco a seguran\u00e7a das opera\u00e7\u00f5es no cais santista.<\/p>\n<p>O MPF apura, tamb\u00e9m, o eventual desvio de finalidade do local, que foi arrendado pela Companhia Docas do Estado de S\u00e3o Paulo (Codesp) \u00e0 empresa privada para a constru\u00e7\u00e3o e a opera\u00e7\u00e3o de terminal tur\u00edstico de passageiros internacional e regional. O procurador da Rep\u00fablica Thiago Lacerda Nobre, de Santos, \u00e9 o autor da recomenda\u00e7\u00e3o, que j\u00e1 \u00e9 de conhecimento da Autoridade Portu\u00e1ria.<\/p>\n<p>No entendimento de Nobre, a ocorr\u00eancia de eventos na \u00e1rea externa da instala\u00e7\u00e3o (local onde funciona o estacionamento de ve\u00edculos) coloca em risco a seguran\u00e7a do transporte mar\u00edtimo, tendo em vista a facilidade de acesso de terceiros \u00e0 \u00e1rea de dom\u00ednio Federal. Ao considerar os riscos, ele se baseou em um festival de m\u00fasica eletr\u00f4nica, que reuniu cerca de 10 mil pessoas na \u00e1rea, no \u00faltimo ano.<\/p>\n<p>A recomenda\u00e7\u00e3o pede que futuras festas sejam realizadas somente na parte edificada das instala\u00e7\u00f5es. O procurador tamb\u00e9m recomenda \u00e0 Ag\u00eancia Nacional de Transportes Aquavi\u00e1rios (Antaq) que fiscalize e adote as provid\u00eancias necess\u00e1rias para regularizar os pr\u00f3ximos eventos, atentando para a capacidade de pessoas suportada pelo terminal, de acordo com o Corpo de Bombeiros.<\/p>\n<p>O MPF tamb\u00e9m quer saber se a Codesp, a Autoridade Portu\u00e1ria do cais santista, autorizou previamente a realiza\u00e7\u00e3o de eventos na \u00e1rea externa da instala\u00e7\u00e3o, localizada no Cais de Outerinhos, na Margem Direita. A instala\u00e7\u00e3o est\u00e1 entre terminais de movimenta\u00e7\u00e3o gran\u00e9is s\u00f3lidos vegetais e cont\u00eaineres.<\/p>\n<p>A Codesp, por meio da assessoria de imprensa, disse que n\u00e3o vai comentar o assunto na imprensa at\u00e9 responder ao MPF, que estabeleceu prazo de at\u00e9 30 dias para o esclarecimento. Tamb\u00e9m procurado, o Terminal Mar\u00edtimo de Passageiros Giusfredo Santini, administrado pelo Concais, informa que ainda n\u00e3o foi notificado sobre a solicita\u00e7\u00e3o do Minist\u00e9rio P\u00fablico Federal (MPF).<\/p>\n<p>Fonte: A TRIBUNA<\/p>\n","protected":false},"excerpt":{"rendered":"<p>O Minist\u00e9rio P\u00fablico Federal (MPF) recomendou que n\u00e3o ocorram mais eventos culturais, empresariais ou institucionais na \u00e1rea externa do Terminal Mar\u00edtimo de Passageiros Giusfredo Santini,&#8230;<\/p>\n","protected":false},"author":1182,"featured_media":18377,"comment_status":"closed","ping_status":"closed","sticky":false,"template":"","format":"standard","meta":{"footnotes":""},"categories":[6],"tags":[],"class_list":["post-19421","post","type-post","status-publish","format-standard","has-post-thumbnail","hentry","category-noticias"],"_links":{"self":[{"href":"https:\/\/www.sincomam.org.br\/index.php\/wp-json\/wp\/v2\/posts\/19421","targetHints":{"allow":["GET"]}}],"collection":[{"href":"https:\/\/www.sincomam.org.br\/index.php\/wp-json\/wp\/v2\/posts"}],"about":[{"href":"https:\/\/www.sincomam.org.br\/index.php\/wp-json\/wp\/v2\/types\/post"}],"author":[{"embeddable":true,"href":"https:\/\/www.sincomam.org.br\/index.php\/wp-json\/wp\/v2\/users\/1182"}],"replies":[{"embeddable":true,"href":"https:\/\/www.sincomam.org.br\/index.php\/wp-json\/wp\/v2\/comments?post=19421"}],"version-history":[{"count":1,"href":"https:\/\/www.sincomam.org.br\/index.php\/wp-json\/wp\/v2\/posts\/19421\/revisions"}],"predecessor-version":[{"id":19422,"href":"https:\/\/www.sincomam.org.br\/index.php\/wp-json\/wp\/v2\/posts\/19421\/revisions\/19422"}],"wp:featuredmedia":[{"embeddable":true,"href":"https:\/\/www.sincomam.org.br\/index.php\/wp-json\/wp\/v2\/media\/18377"}],"wp:attachment":[{"href":"https:\/\/www.sincomam.org.br\/index.php\/wp-json\/wp\/v2\/media?parent=19421"}],"wp:term":[{"taxonomy":"category","embeddable":true,"href":"https:\/\/www.sincomam.org.br\/index.php\/wp-json\/wp\/v2\/categories?post=19421"},{"taxonomy":"post_tag","embeddable":true,"href":"https:\/\/www.sincomam.org.br\/index.php\/wp-json\/wp\/v2\/tags?post=19421"}],"curies":[{"name":"wp","href":"https:\/\/api.w.org\/{rel}","templated":true}]}}