{"id":19417,"date":"2016-05-06T10:29:44","date_gmt":"2016-05-06T13:29:44","guid":{"rendered":"http:\/\/www.sincomam.org.br\/?p=19417"},"modified":"2016-05-06T10:29:44","modified_gmt":"2016-05-06T13:29:44","slug":"gerdau-quer-exportar-30-do-aco-que-produz-no-pais","status":"publish","type":"post","link":"https:\/\/www.sincomam.org.br\/index.php\/gerdau-quer-exportar-30-do-aco-que-produz-no-pais\/","title":{"rendered":"Gerdau quer exportar 30% do a\u00e7o que produz no pa\u00eds"},"content":{"rendered":"<p>A pior demanda no mercado interno fez com que a Gerdau, al\u00e9m do volume que j\u00e1 vende no exterior por meio de suas subsidi\u00e1rias estrangeiras, elevasse a quantidade de a\u00e7o exportada no primeiro trimestre. A empresa, de acordo com seu presidente, Andr\u00e9 Gerdau, pretende embarcar cerca de 30% de sua produ\u00e7\u00e3o no Brasil para outros pa\u00edses em 2016.<\/p>\n<p>De janeiro a mar\u00e7o, a unidade brasileira da companhia ga\u00facha exportou 526 mil toneladas de seus produtos, 72,5% a mais do que no mesmo per\u00edodo de 2015. Enquanto isso, as vendas internas ca\u00edram 28,4%, para 896 mil toneladas. A procura baixa por aqui e a taxa cambial ainda interessante motivaram a decis\u00e3o.<\/p>\n<p>O lucro l\u00edquido caiu 94,7%, para R$ 14,2 milh\u00f5es, no trimestre. A receita l\u00edquida ficou 3,5% menor, fechando em R$ 10,1 bilh\u00f5es. Um dos principais destaques foi a margem Ebitda da Am\u00e9rica do Sul, de 15% &#8211; a maior desde 2010.<\/p>\n<p>Em teleconfer\u00eancia, o executivo-chefe disse ainda que a valoriza\u00e7\u00e3o internacional do a\u00e7o j\u00e1 deve se traduzir em receita melhor durante o segundo trimestre. A partir de maio as entregas feitas no exterior levam em conta esse componente. As margens para essa \u00e1rea tamb\u00e9m provavelmente v\u00e3o melhorar, acrescentou.<\/p>\n<p>Pre\u00e7o maior \u00e9 um dos motivos pelos quais a empresa tamb\u00e9m estuda exportar min\u00e9rio de ferro. Custos em baixa para infraestrutura portu\u00e1ria e fretes mais baratos tamb\u00e9m podem resultar nas vendas da commodity ao exterior.<\/p>\n<p>Na teleconfer\u00eancia, Harley Scardoelli, diretor financeiro da sider\u00fargica, ainda comentou que a partir de agora a alavancagem (d\u00edvida l\u00edquida sobre Ebitda) tem potencial para ser reduzida. Em mar\u00e7o, esse \u00edndice encontrava-se em quatro vezes, um patamar que, apesar de alto, foi classificado pelo BTG Pactual como &#8220;relativamente confort\u00e1vel&#8221;. A alavancagem deve cair mais pr\u00f3xima a tr\u00eas vezes, mas a meta \u00e9 chegar a 2,5 vezes para atingir um n\u00edvel saud\u00e1vel, afirmou o executivo.<\/p>\n<p>A Gerdau tamb\u00e9m garantiu que os investimentos de R$ 485,3 milh\u00f5es nos tr\u00eas primeiros meses ser\u00e3o cortados. Desse total, 45% foram desembolsados para o novo laminador de chapas e para a aciaria na Argentina, gastos que v\u00e3o se encerrar at\u00e9 o fim do ano. A meta \u00e9 investir R$ 1,5 bilh\u00e3o em 2016.<\/p>\n<p>Fonte: Valor Econ\u00f4mico<\/p>\n","protected":false},"excerpt":{"rendered":"<p>A pior demanda no mercado interno fez com que a Gerdau, al\u00e9m do volume que j\u00e1 vende no exterior por meio de suas subsidi\u00e1rias estrangeiras,&#8230;<\/p>\n","protected":false},"author":1182,"featured_media":19098,"comment_status":"closed","ping_status":"closed","sticky":false,"template":"","format":"standard","meta":{"footnotes":""},"categories":[6],"tags":[],"class_list":["post-19417","post","type-post","status-publish","format-standard","has-post-thumbnail","hentry","category-noticias"],"_links":{"self":[{"href":"https:\/\/www.sincomam.org.br\/index.php\/wp-json\/wp\/v2\/posts\/19417","targetHints":{"allow":["GET"]}}],"collection":[{"href":"https:\/\/www.sincomam.org.br\/index.php\/wp-json\/wp\/v2\/posts"}],"about":[{"href":"https:\/\/www.sincomam.org.br\/index.php\/wp-json\/wp\/v2\/types\/post"}],"author":[{"embeddable":true,"href":"https:\/\/www.sincomam.org.br\/index.php\/wp-json\/wp\/v2\/users\/1182"}],"replies":[{"embeddable":true,"href":"https:\/\/www.sincomam.org.br\/index.php\/wp-json\/wp\/v2\/comments?post=19417"}],"version-history":[{"count":1,"href":"https:\/\/www.sincomam.org.br\/index.php\/wp-json\/wp\/v2\/posts\/19417\/revisions"}],"predecessor-version":[{"id":19418,"href":"https:\/\/www.sincomam.org.br\/index.php\/wp-json\/wp\/v2\/posts\/19417\/revisions\/19418"}],"wp:featuredmedia":[{"embeddable":true,"href":"https:\/\/www.sincomam.org.br\/index.php\/wp-json\/wp\/v2\/media\/19098"}],"wp:attachment":[{"href":"https:\/\/www.sincomam.org.br\/index.php\/wp-json\/wp\/v2\/media?parent=19417"}],"wp:term":[{"taxonomy":"category","embeddable":true,"href":"https:\/\/www.sincomam.org.br\/index.php\/wp-json\/wp\/v2\/categories?post=19417"},{"taxonomy":"post_tag","embeddable":true,"href":"https:\/\/www.sincomam.org.br\/index.php\/wp-json\/wp\/v2\/tags?post=19417"}],"curies":[{"name":"wp","href":"https:\/\/api.w.org\/{rel}","templated":true}]}}