{"id":19400,"date":"2016-05-05T00:10:19","date_gmt":"2016-05-05T03:10:19","guid":{"rendered":"http:\/\/www.sincomam.org.br\/?p=19400"},"modified":"2016-05-04T19:08:05","modified_gmt":"2016-05-04T22:08:05","slug":"juros-futuros-de-longo-prazo-encerram-em-alta","status":"publish","type":"post","link":"https:\/\/www.sincomam.org.br\/index.php\/juros-futuros-de-longo-prazo-encerram-em-alta\/","title":{"rendered":"Juros futuros de longo prazo encerram em alta"},"content":{"rendered":"<div data-template-placeholder=\"content-placeholder\">\n<p>Os\u00a0juros<a href=\"http:\/\/www.exame.com.br\/topicos\/juros\"><strong>\u00a0<\/strong><\/a>futuros de longo prazo voltaram a fechar em alta enquanto os curtos mantiveram-se perto dos ajustes anteriores. O avan\u00e7o foi determinado por um movimento de realiza\u00e7\u00e3o de lucros em meio \u00e0s incertezas do quadro pol\u00edtico dom\u00e9stico e da cautela no exterior, ap\u00f3s um indicador do mercado de trabalho privado nos Estados Unidos abaixo do esperado.<\/p>\n<p>Ao t\u00e9rmino da negocia\u00e7\u00e3o regular na BM&amp;FBovespa, o contrato de Dep\u00f3sito Interfinanceiro (DI) com vencimento em janeiro de 2017 tinha taxa de 13,665%, de 13,655% no ajuste de ontem.\u00a0<\/p>\n<p>O DI janeiro de 2018 subiu de 12,75% para 12,80%. O DI janeiro de 2021 avan\u00e7ou de 12,49% para 12,63%.<\/p>\n<p>Os juros futuros subiram apesar do d\u00f3lar em queda. A alta refletiu a op\u00e7\u00e3o de investidores vendidos em taxas de reduzirem sua exposi\u00e7\u00e3o ao risco prefixado, diante das d\u00favidas que ainda cercam o eventual governo de Michel Temer, tanto quanto \u00e0 equipe quanto \u00e0s medidas para tirar o Pa\u00eds da crise.\u00a0<\/p>\n<p>Ontem, por exemplo, Temer disse que &#8220;h\u00e1 grande dificuldade&#8221; para reduzir o n\u00famero de minist\u00e9rios, em entrevista ao Blog do jornalista Gerson Camarotti.<\/p>\n<p>Fl\u00e1vio Serrano, economista-s\u00eanior do banco Haitong, explicou que &#8220;o mercado est\u00e1 corrigindo as quedas fortes vistas a partir da evolu\u00e7\u00e3o do cen\u00e1rio pol\u00edtico e j\u00e1 tinha incorporado toda as &#8216;noticias boas'&#8221;.\u00a0<\/p>\n<p>E, desde ontem, o mercado j\u00e1 vem trabalhando com a possibilidade de n\u00e3o haver mudan\u00e7as no comando do Banco Central.<\/p>\n<p>A ponta curta oscilou sob um vi\u00e9s de alta, mas n\u00e3o houve espa\u00e7o para grandes movimentos, j\u00e1 que amanh\u00e3 ser\u00e1 divulgada a ata da reuni\u00e3o do Comit\u00ea de Pol\u00edtica Monet\u00e1ria (Copom) realizada na semana passada.\u00a0<\/p>\n<p>&#8220;Talvez o mercado esteja um pouco conservador pelo risco de uma ata &#8216;hawkish'&#8221;, disse Serrano.<\/p>\n<p>Nos EUA, a pesquisa ADP mostrou que o setor privado gerou 156 mil vagas em abril, abaixo das 196 mil previstas, o que traz inseguran\u00e7a em rela\u00e7\u00e3o ao relat\u00f3rio oficial de emprego (payroll) que ser\u00e1 conhecido na sexta-feira e sobre a sa\u00fade da economia norte-americana.<\/p>\n<p>No entanto, o pessimismo foi limitado por indicadores que superaram as previs\u00f5es, como a alta de 1,1% da encomendas \u00e0 ind\u00fastria em mar\u00e7o, acima da expectativa de +0,8%.<\/p>\n<div>Fonte: Exame<\/div>\n<\/div>\n","protected":false},"excerpt":{"rendered":"<p>Os\u00a0juros\u00a0futuros de longo prazo voltaram a fechar em alta enquanto os curtos mantiveram-se perto dos ajustes anteriores. O avan\u00e7o foi determinado por um movimento de&#8230;<\/p>\n","protected":false},"author":1182,"featured_media":18708,"comment_status":"closed","ping_status":"closed","sticky":false,"template":"","format":"standard","meta":{"footnotes":""},"categories":[6],"tags":[],"class_list":["post-19400","post","type-post","status-publish","format-standard","has-post-thumbnail","hentry","category-noticias"],"_links":{"self":[{"href":"https:\/\/www.sincomam.org.br\/index.php\/wp-json\/wp\/v2\/posts\/19400","targetHints":{"allow":["GET"]}}],"collection":[{"href":"https:\/\/www.sincomam.org.br\/index.php\/wp-json\/wp\/v2\/posts"}],"about":[{"href":"https:\/\/www.sincomam.org.br\/index.php\/wp-json\/wp\/v2\/types\/post"}],"author":[{"embeddable":true,"href":"https:\/\/www.sincomam.org.br\/index.php\/wp-json\/wp\/v2\/users\/1182"}],"replies":[{"embeddable":true,"href":"https:\/\/www.sincomam.org.br\/index.php\/wp-json\/wp\/v2\/comments?post=19400"}],"version-history":[{"count":1,"href":"https:\/\/www.sincomam.org.br\/index.php\/wp-json\/wp\/v2\/posts\/19400\/revisions"}],"predecessor-version":[{"id":19401,"href":"https:\/\/www.sincomam.org.br\/index.php\/wp-json\/wp\/v2\/posts\/19400\/revisions\/19401"}],"wp:featuredmedia":[{"embeddable":true,"href":"https:\/\/www.sincomam.org.br\/index.php\/wp-json\/wp\/v2\/media\/18708"}],"wp:attachment":[{"href":"https:\/\/www.sincomam.org.br\/index.php\/wp-json\/wp\/v2\/media?parent=19400"}],"wp:term":[{"taxonomy":"category","embeddable":true,"href":"https:\/\/www.sincomam.org.br\/index.php\/wp-json\/wp\/v2\/categories?post=19400"},{"taxonomy":"post_tag","embeddable":true,"href":"https:\/\/www.sincomam.org.br\/index.php\/wp-json\/wp\/v2\/tags?post=19400"}],"curies":[{"name":"wp","href":"https:\/\/api.w.org\/{rel}","templated":true}]}}