{"id":19393,"date":"2016-05-04T09:08:15","date_gmt":"2016-05-04T12:08:15","guid":{"rendered":"http:\/\/www.sincomam.org.br\/?p=19393"},"modified":"2016-05-04T09:22:34","modified_gmt":"2016-05-04T12:22:34","slug":"prazo-para-tirar-titulo-de-eleitor-para-eleicoes-deste-ano-vence-nesta-quarta","status":"publish","type":"post","link":"https:\/\/www.sincomam.org.br\/index.php\/prazo-para-tirar-titulo-de-eleitor-para-eleicoes-deste-ano-vence-nesta-quarta\/","title":{"rendered":"Prazo para tirar t\u00edtulo de eleitor para elei\u00e7\u00f5es deste ano vence nesta quarta"},"content":{"rendered":"<p>O prazo para transferir o t\u00edtulo de eleitor ou pedir a emiss\u00e3o do documento pela primeira vez (no caso de jovens com mais de 16 anos) termina nesta quarta-feira (4). Isso porque a solicita\u00e7\u00e3o deve ser feita at\u00e9 151 dias antes da vota\u00e7\u00e3o, que acontece em outubro, como estabelece o calend\u00e1rio eleitoral.<\/p>\n<p>Quem est\u00e1 com o t\u00edtulo cancelado por ter deixado de votar no \u00faltimo pleito tamb\u00e9m tem at\u00e9 esta quarta para regularizar a situa\u00e7\u00e3o.<\/p>\n<p>Neste ano, o primeiro turno das elei\u00e7\u00f5es municipais, que v\u00e3o definir os novos prefeitos e vereadores, est\u00e1 marcado para o dia 2 de outubro. Nas cidades em que houver segundo turno, ele ocorrer\u00e1 no dia 30.<\/p>\n<p><strong>Documentos necess\u00e1rios<\/strong><br \/>Para tirar um novo t\u00edtulo, \u00e9 preciso apresentar documento oficial com foto e comprovante de resid\u00eancia. Quem completar 16 anos at\u00e9 a data do 1\u00ba turno pode requerer o documento, mas n\u00e3o \u00e9 obrigado. Homens com mais de 18 anos tamb\u00e9m devem levar o certificado de quita\u00e7\u00e3o do servi\u00e7o militar.<\/p>\n<p><strong>Transfer\u00eancia<\/strong><br \/>Quem tem t\u00edtulo mas mudou de cidade ou estado e quer pedir a transfer\u00eancia do domic\u00edlio eleitoral deve levar o t\u00edtulo, um documento com foto e um comprovante de resid\u00eancia \u2013 \u00e9 necess\u00e1rio residir no novo domic\u00edlio h\u00e1 pelo menos tr\u00eas meses. O prazo tamb\u00e9m vale para o eleitor que mudou de resid\u00eancia dentro do pr\u00f3prio munic\u00edpio (j\u00e1 que o local de vota\u00e7\u00e3o poder\u00e1 ser alterado).<\/p>\n<p><strong>Regulariza\u00e7\u00e3o<\/strong><br \/>Quem deseja regularizar a situa\u00e7\u00e3o perante a Justi\u00e7a Eleitoral deve comparecer ao cart\u00f3rio mais pr\u00f3ximo de casa munido de documento oficial com foto e comprovante de resid\u00eancia. Al\u00e9m disso, \u00e9 preciso pagar a multa por turno que deixou de votar.<\/p>\n<p><strong>Eleitor com defici\u00eancia<\/strong><br \/>Nesta quarta termina tamb\u00e9m o prazo para o eleitor com defici\u00eancia ou mobilidade reduzida pedir a transfer\u00eancia do local de vota\u00e7\u00e3o para uma se\u00e7\u00e3o eleitoral especial. Essas se\u00e7\u00f5es t\u00eam acesso facilitado, como rampas e elevadores.<\/p>\n<p>De acordo com o Tribunal Superior Eleitoral (TSE), o cidad\u00e3o com defici\u00eancia \u00e9 um eleitor comum e tem a obriga\u00e7\u00e3o de votar, como todas as outras pessoas alfabetizadas que tenham entre 18 e 70 anos. No Brasil, o voto \u00e9 facultativo para analfabetos, adolescentes entre 16 e 18 anos e idosos com mais de 70. Quem deixa de comparecer ao col\u00e9gio eleitoral no dia do pleito e n\u00e3o justifica a aus\u00eancia pode ter o t\u00edtulo cancelado e ser proibido de obter financiamento em banco p\u00fablico, matricular-se em institui\u00e7\u00e3o federal, tirar passaporte e assumir cargo p\u00fablico.<\/p>\n<p><strong>T\u00edtulo Net<\/strong><br \/>No Site o TSE,, \u00e9 poss\u00edvel iniciar o requerimento de transfer\u00eancia de domic\u00edlio e revis\u00e3o de dados cadastrais. O objetivo \u00e9 tornar mais \u00e1gil o atendimento nos cart\u00f3rios eleitorais, onde o processo \u00e9 conclu\u00eddo.<\/p>\n<p>Depois de fazer a solicita\u00e7\u00e3o pela internet, os eleitores devem comparecer \u00e0s unidades de atendimento da Justi\u00e7a Eleitoral, com a documenta\u00e7\u00e3o exigida, para concluir os servi\u00e7os pedidos e receber o t\u00edtulo. Em caso de n\u00e3o comparecimento do cidad\u00e3o, o requerimento \u00e9 invalidado.<\/p>\n<p><strong>Biometria<\/strong><br \/>Nas cidades do pa\u00eds que ter\u00e3o vota\u00e7\u00e3o com identifica\u00e7\u00e3o biom\u00e9trica (por meio das digitais), o eleitor passar\u00e1 pelo cadastramento eletr\u00f4nico ao tirar um novo t\u00edtulo, transferir o documento ou regularizar sua situa\u00e7\u00e3o eleitoral.<\/p>\n<p>O recadastramento tem sido feito, gradativamente, em todo o pa\u00eds.\u00a0No site do TSE, o eleitor pode se informar sobre a situa\u00e7\u00e3o ou a previs\u00e3o do processo de recadastramento em cada cidade.<\/p>\n<p>Fonte: G1<\/p>\n","protected":false},"excerpt":{"rendered":"<p>O prazo para transferir o t\u00edtulo de eleitor ou pedir a emiss\u00e3o do documento pela primeira vez (no caso de jovens com mais de 16&#8230;<\/p>\n","protected":false},"author":1182,"featured_media":19394,"comment_status":"closed","ping_status":"closed","sticky":false,"template":"","format":"standard","meta":{"footnotes":""},"categories":[6],"tags":[],"class_list":["post-19393","post","type-post","status-publish","format-standard","has-post-thumbnail","hentry","category-noticias"],"_links":{"self":[{"href":"https:\/\/www.sincomam.org.br\/index.php\/wp-json\/wp\/v2\/posts\/19393","targetHints":{"allow":["GET"]}}],"collection":[{"href":"https:\/\/www.sincomam.org.br\/index.php\/wp-json\/wp\/v2\/posts"}],"about":[{"href":"https:\/\/www.sincomam.org.br\/index.php\/wp-json\/wp\/v2\/types\/post"}],"author":[{"embeddable":true,"href":"https:\/\/www.sincomam.org.br\/index.php\/wp-json\/wp\/v2\/users\/1182"}],"replies":[{"embeddable":true,"href":"https:\/\/www.sincomam.org.br\/index.php\/wp-json\/wp\/v2\/comments?post=19393"}],"version-history":[{"count":1,"href":"https:\/\/www.sincomam.org.br\/index.php\/wp-json\/wp\/v2\/posts\/19393\/revisions"}],"predecessor-version":[{"id":19395,"href":"https:\/\/www.sincomam.org.br\/index.php\/wp-json\/wp\/v2\/posts\/19393\/revisions\/19395"}],"wp:featuredmedia":[{"embeddable":true,"href":"https:\/\/www.sincomam.org.br\/index.php\/wp-json\/wp\/v2\/media\/19394"}],"wp:attachment":[{"href":"https:\/\/www.sincomam.org.br\/index.php\/wp-json\/wp\/v2\/media?parent=19393"}],"wp:term":[{"taxonomy":"category","embeddable":true,"href":"https:\/\/www.sincomam.org.br\/index.php\/wp-json\/wp\/v2\/categories?post=19393"},{"taxonomy":"post_tag","embeddable":true,"href":"https:\/\/www.sincomam.org.br\/index.php\/wp-json\/wp\/v2\/tags?post=19393"}],"curies":[{"name":"wp","href":"https:\/\/api.w.org\/{rel}","templated":true}]}}