{"id":19390,"date":"2016-05-05T00:18:30","date_gmt":"2016-05-05T03:18:30","guid":{"rendered":"http:\/\/www.sincomam.org.br\/?p=19390"},"modified":"2016-05-05T09:01:55","modified_gmt":"2016-05-05T12:01:55","slug":"faturamento-da-industria-de-maquinas-cai-326-em-marco-aponta-abimaq","status":"publish","type":"post","link":"https:\/\/www.sincomam.org.br\/index.php\/faturamento-da-industria-de-maquinas-cai-326-em-marco-aponta-abimaq\/","title":{"rendered":"Faturamento da ind\u00fastria de m\u00e1quinas cai 32,6% em mar\u00e7o, aponta Abimaq"},"content":{"rendered":"<p>O faturamento l\u00edquido da ind\u00fastria brasileira de m\u00e1quinas e equipamentos somou R$ 6,23 bilh\u00f5es em mar\u00e7o, 32,6% abaixo do valor verificado no mesmo m\u00eas do ano anterior. Na compara\u00e7\u00e3o com o m\u00eas de fevereiro, houve queda de 1,6% no faturamento das companhias de bens de capital mec\u00e2nicos.<\/p>\n<p>Os dados foram divulgados nesta ter\u00e7a-feira pela Associa\u00e7\u00e3o Brasileira da Ind\u00fastria de M\u00e1quinas e Equipamentos (Abimaq), que representa o setor.<\/p>\n<p>A entidade aponta que as incertezas pol\u00edticas, combinadas com a \u201cpol\u00edtica econ\u00f4mica recessiva, onde o custo do capital \u00e9 incompat\u00edvel com o retorno dos investimentos, tem inviabilizado qualquer decis\u00e3o de investimento no pa\u00eds\u201d. Para a Abimaq, os dados de mar\u00e7o refor\u00e7am o cen\u00e1rio de contra\u00e7\u00e3o e apontam para mais um ano de crise.<\/p>\n<p>Segundo a associa\u00e7\u00e3o, as exporta\u00e7\u00f5es do setor foram reduzidas em 9% em mar\u00e7o, na compara\u00e7\u00e3o anual, somando US$ 824,61 milh\u00f5es. Enquanto isso, as importa\u00e7\u00f5es totalizaram US$ 1,27 bilh\u00e3o, queda de 32,2% em um ano.<\/p>\n<p>Com isso, o setor teve d\u00e9ficit comercial de US$ 444,5 milh\u00f5es em mar\u00e7o, o que representa uma queda de 54% na compara\u00e7\u00e3o com o mesmo m\u00eas de 2015.<\/p>\n<p>A Abimaq mostra ainda que o setor de m\u00e1quinas e equipamentos operou com uma utiliza\u00e7\u00e3o de 65,4% da sua capacidade instalada na m\u00e9dia no ano de 2016 at\u00e9 mar\u00e7o, 5,3% abaixo do verificado no mesmo per\u00edodo do ano passado.<\/p>\n<p>Fonte: Valor Econ\u00f4mico<\/p>\n","protected":false},"excerpt":{"rendered":"<p>O faturamento l\u00edquido da ind\u00fastria brasileira de m\u00e1quinas e equipamentos somou R$ 6,23 bilh\u00f5es em mar\u00e7o, 32,6% abaixo do valor verificado no mesmo m\u00eas do&#8230;<\/p>\n","protected":false},"author":1182,"featured_media":19391,"comment_status":"closed","ping_status":"closed","sticky":false,"template":"","format":"standard","meta":{"footnotes":""},"categories":[6],"tags":[],"class_list":["post-19390","post","type-post","status-publish","format-standard","has-post-thumbnail","hentry","category-noticias"],"_links":{"self":[{"href":"https:\/\/www.sincomam.org.br\/index.php\/wp-json\/wp\/v2\/posts\/19390","targetHints":{"allow":["GET"]}}],"collection":[{"href":"https:\/\/www.sincomam.org.br\/index.php\/wp-json\/wp\/v2\/posts"}],"about":[{"href":"https:\/\/www.sincomam.org.br\/index.php\/wp-json\/wp\/v2\/types\/post"}],"author":[{"embeddable":true,"href":"https:\/\/www.sincomam.org.br\/index.php\/wp-json\/wp\/v2\/users\/1182"}],"replies":[{"embeddable":true,"href":"https:\/\/www.sincomam.org.br\/index.php\/wp-json\/wp\/v2\/comments?post=19390"}],"version-history":[{"count":1,"href":"https:\/\/www.sincomam.org.br\/index.php\/wp-json\/wp\/v2\/posts\/19390\/revisions"}],"predecessor-version":[{"id":19392,"href":"https:\/\/www.sincomam.org.br\/index.php\/wp-json\/wp\/v2\/posts\/19390\/revisions\/19392"}],"wp:featuredmedia":[{"embeddable":true,"href":"https:\/\/www.sincomam.org.br\/index.php\/wp-json\/wp\/v2\/media\/19391"}],"wp:attachment":[{"href":"https:\/\/www.sincomam.org.br\/index.php\/wp-json\/wp\/v2\/media?parent=19390"}],"wp:term":[{"taxonomy":"category","embeddable":true,"href":"https:\/\/www.sincomam.org.br\/index.php\/wp-json\/wp\/v2\/categories?post=19390"},{"taxonomy":"post_tag","embeddable":true,"href":"https:\/\/www.sincomam.org.br\/index.php\/wp-json\/wp\/v2\/tags?post=19390"}],"curies":[{"name":"wp","href":"https:\/\/api.w.org\/{rel}","templated":true}]}}