{"id":19388,"date":"2016-05-04T09:13:54","date_gmt":"2016-05-04T12:13:54","guid":{"rendered":"http:\/\/www.sincomam.org.br\/?p=19388"},"modified":"2016-05-04T09:13:54","modified_gmt":"2016-05-04T12:13:54","slug":"ex-presidente-do-bc-defende-que-governo-injete-recursos-na-petrobras","status":"publish","type":"post","link":"https:\/\/www.sincomam.org.br\/index.php\/ex-presidente-do-bc-defende-que-governo-injete-recursos-na-petrobras\/","title":{"rendered":"Ex-presidente do BC defende que governo injete recursos na Petrobras"},"content":{"rendered":"<p>O ex-presidente do Banco Central Arm\u00ednio Fraga afirmou que o governo deveria injetar recursos pr\u00f3prios na Petrobras.<\/p>\n<p>Em entrevista ao programa &#8220;Roda Viva&#8221;, da TV Cultura, Arm\u00ednio disse que o governo resiste em fazer o aporte para n\u00e3o afetar, ainda mais, as estat\u00edsticas da d\u00edvida p\u00fablica.<\/p>\n<p>Por\u00e9m, em sua avalia\u00e7\u00e3o, a inje\u00e7\u00e3o daria condi\u00e7\u00f5es para a petroleira trabalhar com mais f\u00f4lego.<\/p>\n<p>Ele n\u00e3o precisou valores, mas indicou concordar com a cifra citada pelo jornalista Vinicius Torres Freire, colunista da Folha, de que a Petrobras precisaria entre R$ 50 bilh\u00f5es e R$ 100 bilh\u00f5es. &#8220;Menos do que 100&#8221;, pontuou.<\/p>\n<p>A capitaliza\u00e7\u00e3o, acrescentou o economista, dependeria de detalhes sobre a composi\u00e7\u00e3o de sua d\u00edvida e a sua gera\u00e7\u00e3o de caixa.<\/p>\n<p>Segundo ele, a d\u00edvida n\u00e3o deveria superar em tr\u00eas ou quatro vezes a gera\u00e7\u00e3o de caixa da companhia.<\/p>\n<p>&#8220;O governo n\u00e3o quer por capital porque afeta estat\u00edsticas da d\u00edvida, mas pela minha experi\u00eancia \u00e9 melhor encarar o problema, redefinindo as regras para o setor&#8221;, afirmou.<\/p>\n<p>Arm\u00ednio se mostrou contr\u00e1rio \u00e0 ideia de privatizar a estatal, mas defendeu que o governo &#8220;pense o setor como um todo&#8221;, o que incluiria fixar pre\u00e7os de mercado para o setor de combust\u00edveis.<\/p>\n<p>&#8220;Privatizar uma empresa que \u00e9 quase um monop\u00f3lio, n\u00e3o \u00e9 solu\u00e7\u00e3o. Mas pensaria na estrutura desse setor para gerar mais concorr\u00eancia&#8221;, afirmou.<\/p>\n<p>A Caixa, segundo o economista, embora tenha suas contas menos transparentes, tamb\u00e9m &#8220;\u00e9 candidata a receber algum capital&#8221; do governo federal, dado as dificuldades do banco estatal.<\/p>\n<p>ECONOMIA &#8216;ARREBENTADA&#8217;<\/p>\n<p>Cogitado para assumir o Minist\u00e9rio da Fazenda de Michel Temer \u2013o que por fim n\u00e3o prosperou\u2013, Arm\u00ednio se mostrou muito preocupado com a deteriora\u00e7\u00e3o das contas p\u00fablicas.<\/p>\n<p>&#8220;N\u00e3o sei como falam que h\u00e1 a op\u00e7\u00e3o entre ajustar ou ser feliz. \u00c9 uma mentira, isso n\u00e3o existe. As op\u00e7\u00f5es s\u00e3o ajustar ou cair em um buraco mais profundo. O estrago j\u00e1 foi feito, s\u00f3 nos resta corrigir tudo o que est\u00e1 a\u00ed&#8221;, afirmou, referindo-se \u00e0 necessidade de cortar despesas.<\/p>\n<p>Arm\u00ednio afirmou que o n\u00edvel atual da d\u00edvida bruta do governo (ao redor de 70% do PIB) \u00e9 mais elevada do que a de pa\u00edses com n\u00edvel de desenvolvimento semelhante, o que, combinado a um baixo crescimento econ\u00f4mico e juros em ascens\u00e3o, gera uma &#8220;aritm\u00e9tica explosiva&#8221;.<\/p>\n<p>&#8220;O risco \u00e9 grande. Mas a divida \u00e9 interna, 80% dela est\u00e1 na m\u00e3o de brasileiros. A situa\u00e7\u00e3o \u00e9 administr\u00e1vel, mas complicada&#8221;, disse ele, ao responder a uma pergunta sobre o risco de insolv\u00eancia do governo.<\/p>\n<p>Em sua opini\u00e3o, \u00e9 preciso dar um voto de confian\u00e7a ao governo do PMDB. &#8220;Ter\u00e1 que tomar muitas antip\u00e1ticas, que v\u00e3o afetar interesses.&#8221; Argumentou que, caso o caminho pela corre\u00e7\u00e3o n\u00e3o seja o adotado, a situa\u00e7\u00e3o pode ficar ainda pior.<\/p>\n<p>&#8220;[O pa\u00eds] pode entrar numa situa\u00e7\u00e3o mais complicada. Est\u00e1vamos caminhando para isso, se n\u00e3o houvesse o processo de impedimento&#8221;, afirmou.<\/p>\n<p>&#8220;A margem de manobra para arrumar o Estado \u00e9 muito pequena, o risco de isso deteriorar ainda existe, \u00e9 muito grande e vai continuar por um bom tempo&#8221;, disse. &#8220;Vamos ter que trabalhar muito para chegar l\u00e1, porque a economia est\u00e1 totalmente arrebentada.&#8221;<\/p>\n<p>Fonte: Folha de S\u00e3o Paulo<\/p>\n","protected":false},"excerpt":{"rendered":"<p>O ex-presidente do Banco Central Arm\u00ednio Fraga afirmou que o governo deveria injetar recursos pr\u00f3prios na Petrobras. Em entrevista ao programa &#8220;Roda Viva&#8221;, da TV&#8230;<\/p>\n","protected":false},"author":1182,"featured_media":17800,"comment_status":"closed","ping_status":"closed","sticky":false,"template":"","format":"standard","meta":{"footnotes":""},"categories":[6],"tags":[],"class_list":["post-19388","post","type-post","status-publish","format-standard","has-post-thumbnail","hentry","category-noticias"],"_links":{"self":[{"href":"https:\/\/www.sincomam.org.br\/index.php\/wp-json\/wp\/v2\/posts\/19388","targetHints":{"allow":["GET"]}}],"collection":[{"href":"https:\/\/www.sincomam.org.br\/index.php\/wp-json\/wp\/v2\/posts"}],"about":[{"href":"https:\/\/www.sincomam.org.br\/index.php\/wp-json\/wp\/v2\/types\/post"}],"author":[{"embeddable":true,"href":"https:\/\/www.sincomam.org.br\/index.php\/wp-json\/wp\/v2\/users\/1182"}],"replies":[{"embeddable":true,"href":"https:\/\/www.sincomam.org.br\/index.php\/wp-json\/wp\/v2\/comments?post=19388"}],"version-history":[{"count":1,"href":"https:\/\/www.sincomam.org.br\/index.php\/wp-json\/wp\/v2\/posts\/19388\/revisions"}],"predecessor-version":[{"id":19389,"href":"https:\/\/www.sincomam.org.br\/index.php\/wp-json\/wp\/v2\/posts\/19388\/revisions\/19389"}],"wp:featuredmedia":[{"embeddable":true,"href":"https:\/\/www.sincomam.org.br\/index.php\/wp-json\/wp\/v2\/media\/17800"}],"wp:attachment":[{"href":"https:\/\/www.sincomam.org.br\/index.php\/wp-json\/wp\/v2\/media?parent=19388"}],"wp:term":[{"taxonomy":"category","embeddable":true,"href":"https:\/\/www.sincomam.org.br\/index.php\/wp-json\/wp\/v2\/categories?post=19388"},{"taxonomy":"post_tag","embeddable":true,"href":"https:\/\/www.sincomam.org.br\/index.php\/wp-json\/wp\/v2\/tags?post=19388"}],"curies":[{"name":"wp","href":"https:\/\/api.w.org\/{rel}","templated":true}]}}