{"id":19118,"date":"2016-04-11T00:00:03","date_gmt":"2016-04-11T03:00:03","guid":{"rendered":"http:\/\/www.sincomam.org.br\/?p=19118"},"modified":"2016-04-11T09:04:04","modified_gmt":"2016-04-11T12:04:04","slug":"mercosul-e-uniao-europeia-trocam-ofertas-para-acordo-de-livre-comercio-em-maio","status":"publish","type":"post","link":"https:\/\/www.sincomam.org.br\/index.php\/mercosul-e-uniao-europeia-trocam-ofertas-para-acordo-de-livre-comercio-em-maio\/","title":{"rendered":"Mercosul e Uni\u00e3o Europeia trocam ofertas para acordo de livre com\u00e9rcio em maio"},"content":{"rendered":"<p>A troca de ofertas envolvendo o acordo de livre com\u00e9rcio entre Mercosul e Uni\u00e3o Europeia est\u00e1 marcada para a segunda semana de maio. O an\u00fancio foi realizado em Bruxelas, na B\u00e9lgica, pela comiss\u00e1ria de com\u00e9rcio da Uni\u00e3o Europeia, Cecilia Malmstr\u00f6m, e pelo ministro das Rela\u00e7\u00f5es Exteriores do Uruguai, Rodolfo Nin Novoa. O Uruguai exerce a presid\u00eancia do Mercosul durante o primeiro semestre de 2016.<\/p>\n<p>A data exata da reuni\u00e3o ainda ser\u00e1 definida. Na ocasi\u00e3o, as equipes do Mercosul e da Uni\u00e3o Europeia v\u00e3o trocar ofertas de acesso a mercado, especificando as formas para aumentar a abertura comercial m\u00fatua de bens e servi\u00e7os, incluindo compras governamentais. A reuni\u00e3o de hoje acertou ainda um calend\u00e1rio de reuni\u00f5es para o resto do ano.<\/p>\n<p>&#8220;A Europa tem forte la\u00e7os econ\u00f4micos e pol\u00edticos com a Am\u00e9rica Latina. A melhora das condi\u00e7\u00f5es de com\u00e9rcio entre a UE e os pa\u00edses do Mercosul trar\u00e1 importantes ganhos econ\u00f4micos para todos os pa\u00edses. Os dois lados est\u00e3o comprometidos, ent\u00e3o eu acredito que a troca de ofertas permitir\u00e1 que encerremos com sucesso essa longa negocia\u00e7\u00e3o&#8221;, disse hoje Cecilia Malmstr\u00f6m.<\/p>\n<p><strong>Rea\u00e7\u00e3o<\/strong><\/p>\n<p>O Minist\u00e9rio de Rela\u00e7\u00f5es Exteriores explica que &#8220;o interc\u00e2mbio de ofertas de acesso a mercados constitui etapa essencial para a negocia\u00e7\u00e3o de um acordo que leve na devida conta as expectativas e sensibilidades de cada um dos lados&#8221;. Em nota sobre o tema, o MRE diz esperar que a troca de ofertas seja equilibrada e mutuamente ben\u00e9fico, &#8220;\u00e0 altura do grande potencial das duas regi\u00f5es e das rela\u00e7\u00f5es hist\u00f3ricas que as unem&#8221;.<\/p>\n<p>&#8220;O Brasil acolhe com grande satisfa\u00e7\u00e3o esse an\u00fancio, que marca o in\u00edcio da etapa final do processo negociador, objetivo ao qual o Mercosul atribui especial prioridade, tendo conclu\u00eddo o trabalho t\u00e9cnico de prepara\u00e7\u00e3o de sua oferta de acesso a mercados j\u00e1 por ocasi\u00e3o da C\u00fapula de julho de 2014, em Caracas. A conclus\u00e3o do trabalho do lado europeu e a fixa\u00e7\u00e3o do momento da troca de ofertas abrem caminho para nova e decisiva fase no processo de negocia\u00e7\u00e3o, que o governo brasileiro espera que possa ser conclu\u00eddo de forma r\u00e1pida e exitosa&#8221;, cita o Itamaraty.<\/p>\n<p>O Brasil empenhou-se consistentemente para fazer avan\u00e7ar as negocia\u00e7\u00f5es, tanto na etapa de prepara\u00e7\u00e3o da oferta conjunta do Mercosul, quanto na realiza\u00e7\u00e3o de gest\u00f5es para viabilizar o interc\u00e2mbio das ofertas. Tais gest\u00f5es inclu\u00edram diversos contatos diretos da presidenta Dilma Rousseff e do ministro de Rela\u00e7\u00f5es Exteriores, Mauro Vieira, com seus respectivos contrapartes em pa\u00edses europeus, al\u00e9m da atua\u00e7\u00e3o da Miss\u00e3o do Brasil junto \u00e0 Uni\u00e3o Europeia e das embaixadas brasileiras junto aos 28 Estados Membros da UE.<\/p>\n<p>Desde que assumiu a pasta, o titular do Minist\u00e9rio do Desenvolvimento, Ind\u00fastria e Com\u00e9rcio Exterior (MDIC), Armando Monteiro, tamb\u00e9m vem trabalhando pela realiza\u00e7\u00e3o da troca de ofertas entre os blocos. \u201cEsta \u00e9 uma agenda priorit\u00e1ria para o Brasil. Estamos reposicionando nossa pol\u00edtica comercial, e a principal iniciativa reside na conclus\u00e3o do acordo entre Mercosul e Uni\u00e3o Europeia. A perspectiva do acordo preferencial de com\u00e9rcio entre os dois blocos oferece excelentes oportunidades. Temos a compreens\u00e3o que esse passo ser\u00e1 essencial para o nosso de processo de inser\u00e7\u00e3o mais qualificada nas cadeias globais de valor e para uma integra\u00e7\u00e3o mais efetiva \u00e0s correntes de com\u00e9rcio internacionais\u201d, afirmou.<\/p>\n<p><strong>Hist\u00f3rico<\/strong><\/p>\n<p>As intensas negocia\u00e7\u00f5es entre UE e Mercosul come\u00e7aram em 1999. Ap\u00f3s uma troca de ofertas mal sucedida em 2004, as negocia\u00e7\u00f5es foram interrompidas por seis anos. Desde a retomada das conversas em 2010, nove rodadas de negocia\u00e7\u00e3o foram realizadas, sempre mirando em uma nova troca de ofertas. O renovado suporte pol\u00edtico dos pa\u00edses do Mercosul e dos membros da UE pavimentaram o caminho para novas rodadas este ano, destaca o MDIC.<\/p>\n<p>O objetivo \u00e9 negociar um acordo de com\u00e9rcio global, reduzindo impostos alfandeg\u00e1rios, removendo barreiras ao com\u00e9rcio de servi\u00e7os e aprimorando as regras relacionadas a compras governamentais, procedimentos alfandeg\u00e1rios, barreiras t\u00e9cnicas ao com\u00e9rcio e prote\u00e7\u00e3o \u00e0 propriedade intelectual.<\/p>\n<p>Em junho de 2015, Monteiro se reuniu com a comiss\u00e1ria Europeia para o Com\u00e9rcio, Cecilia Malmstr\u00f6m, e com representantes do Mercosul, em Bruxelas. Em comunicado conjunto divulgado ap\u00f3s o encontro, Mercosul e UE reafirmaram a \u201cimport\u00e2ncia de aprofundar e ampliar a rela\u00e7\u00e3o entre os dois blocos e, para esse fim, realizaram uma troca franca e aberta de pontos de vista sobre o estado das negocia\u00e7\u00f5es para um Acordo de Associa\u00e7\u00e3o ambicioso, abrangente e equilibrado\u201d.<\/p>\n<p>Em agosto do ano passado, o ministro participou da reuni\u00e3o da presidenta Dilma Rousseff com a chanceler da Alemanha, Angela Merkel, no Pal\u00e1cio do Planalto. Na ocasi\u00e3o, Monteiro avaliou que a conclus\u00e3o do acordo Mercosul-Uni\u00e3o Europeia dependia, fundamentalmente, do Brasil e da Alemanha.<\/p>\n<p>\u201cPela import\u00e2ncia da Alemanha e, sobretudo, pelo iminente acordo, ou pelo menos o in\u00edcio da troca de ofertas com a Uni\u00e3o Europeia, eu diria que esse acordo Mercosul-Uni\u00e3o Europeia depende fundamentalmente de dois parceiros, o Brasil, pelo protagonismo no Mercosul, e a Alemanha, pelo extraordin\u00e1rio peso que a economia alem\u00e3 tem na Uni\u00e3o Europeia\u201d, disse.<\/p>\n<p>Em outubro, o tema foi tratado pelo ministro na reuni\u00e3o do Comit\u00ea Econ\u00f4mico e Com\u00e9rcio Conjunto entre Reino Unido e Brasil (Jetco), realizada em Londres. O Reino Unido e o Brasil trocaram impress\u00f5es sobre negocia\u00e7\u00f5es comerciais e sobre estrat\u00e9gias de exporta\u00e7\u00e3o. Um dos pontos mais importantes da pauta foi a troca de ofertas entre Mercosul e Uni\u00e3o Europeia, com um firme compromisso dos dois pa\u00edses em trabalhar, cada um em seu bloco econ\u00f4mico, para avan\u00e7ar rumo \u00e0 assinatura do acordo de livre com\u00e9rcio.<\/p>\n<p><strong>Interc\u00e2mbio comercial Brasil\/UE \u2013 2015<\/strong><\/p>\n<p>Em 2015, as exporta\u00e7\u00f5es brasileiras para a UE alcan\u00e7aram a cifra de US$ 33,9 bilh\u00f5es, 19,3% menos que no ano anterior (US$ 42 bilh\u00f5es). A participa\u00e7\u00e3o da Uni\u00e3o Europeia nas exporta\u00e7\u00f5es brasileiras caiu de 18,7%, em 2014, para 17,8%, em 2015.<\/p>\n<p>A pauta das exporta\u00e7\u00f5es brasileiras para a UE \u00e9 composta, principalmente, por produtos b\u00e1sicos (48,3%). Os semimanufaturados representam 16,1%, e os semimanufaturados, 35,1%.<br \/>Os principais produtos exportados para a EU, em 2015, foram: farelo de soja, com participa\u00e7\u00e3o de 9,8% do total das exporta\u00e7\u00f5es para o bloco; caf\u00e9 em gr\u00e3os (8,5%), min\u00e9rio de ferro (6,6%), soja em gr\u00e3os (6,4%) e celulose (6,3%).<br \/>J\u00e1 as importa\u00e7\u00f5es brasileiras da UE foram de US$ 36,6 bilh\u00f5es em 2015. Houve queda de 21,6% sobre o valor importado em 2014 (US$46,7 bilh\u00f5es). A participa\u00e7\u00e3o da UE nas importa\u00e7\u00f5es brasileiras elevou-se de 20,4% para 21,4%<br \/>No ano passado, o Brasil importou da UE principalmente manufaturados (95,2%). Os semimanufaturados representaram 3,1%, e os b\u00e1sicos, 1,7%.\u00a0<br \/>Os principais produtos importados da UE s\u00e3o medicamentos para medicina humana e veterin\u00e1ria, com participa\u00e7\u00e3o de 8,5% do total das compras brasileiras do bloco; autope\u00e7as (4,6%), compostos heteroc\u00edclicos (3,3%); inseticidas, formicidas e herbicidas (3%), autom\u00f3veis de passageiros (2,8%).<br \/>A balan\u00e7a comercial brasileira com a UE, em 2015, teve d\u00e9ficit de US$ 2,7 bilh\u00f5es. A corrente de com\u00e9rcio do Brasil com a regi\u00e3o somou US$ 70,593 bilh\u00f5es, no per\u00edodo. Houve queda de 20,5% sobre o ano anterior (US$ 88,766 bilh\u00f5es).<br \/>Em 2015, 7.109 empresas brasileiras realizaram exporta\u00e7\u00f5es para a U.E e 19.766 empresas brasileiras importaram produtos do bloco. Quanto aos exportadores, houve um acr\u00e9scimo de 4% em rela\u00e7\u00e3o a 2014 (275 empresas a mais) e, em rela\u00e7\u00e3o nos importadores, houve diminui\u00e7\u00e3o de 3,2% (654 empresas a menos).<br \/>Com\u00e9rcio Mercosul\/UE<\/p>\n<p>Fonte: Portal Brasil<\/p>\n","protected":false},"excerpt":{"rendered":"<p>A troca de ofertas envolvendo o acordo de livre com\u00e9rcio entre Mercosul e Uni\u00e3o Europeia est\u00e1 marcada para a segunda semana de maio. O an\u00fancio&#8230;<\/p>\n","protected":false},"author":1182,"featured_media":18444,"comment_status":"closed","ping_status":"closed","sticky":false,"template":"","format":"standard","meta":{"footnotes":""},"categories":[6],"tags":[],"class_list":["post-19118","post","type-post","status-publish","format-standard","has-post-thumbnail","hentry","category-noticias"],"_links":{"self":[{"href":"https:\/\/www.sincomam.org.br\/index.php\/wp-json\/wp\/v2\/posts\/19118","targetHints":{"allow":["GET"]}}],"collection":[{"href":"https:\/\/www.sincomam.org.br\/index.php\/wp-json\/wp\/v2\/posts"}],"about":[{"href":"https:\/\/www.sincomam.org.br\/index.php\/wp-json\/wp\/v2\/types\/post"}],"author":[{"embeddable":true,"href":"https:\/\/www.sincomam.org.br\/index.php\/wp-json\/wp\/v2\/users\/1182"}],"replies":[{"embeddable":true,"href":"https:\/\/www.sincomam.org.br\/index.php\/wp-json\/wp\/v2\/comments?post=19118"}],"version-history":[{"count":1,"href":"https:\/\/www.sincomam.org.br\/index.php\/wp-json\/wp\/v2\/posts\/19118\/revisions"}],"predecessor-version":[{"id":19119,"href":"https:\/\/www.sincomam.org.br\/index.php\/wp-json\/wp\/v2\/posts\/19118\/revisions\/19119"}],"wp:featuredmedia":[{"embeddable":true,"href":"https:\/\/www.sincomam.org.br\/index.php\/wp-json\/wp\/v2\/media\/18444"}],"wp:attachment":[{"href":"https:\/\/www.sincomam.org.br\/index.php\/wp-json\/wp\/v2\/media?parent=19118"}],"wp:term":[{"taxonomy":"category","embeddable":true,"href":"https:\/\/www.sincomam.org.br\/index.php\/wp-json\/wp\/v2\/categories?post=19118"},{"taxonomy":"post_tag","embeddable":true,"href":"https:\/\/www.sincomam.org.br\/index.php\/wp-json\/wp\/v2\/tags?post=19118"}],"curies":[{"name":"wp","href":"https:\/\/api.w.org\/{rel}","templated":true}]}}