{"id":19108,"date":"2016-04-08T02:10:17","date_gmt":"2016-04-08T05:10:17","guid":{"rendered":"http:\/\/www.sincomam.org.br\/?p=19108"},"modified":"2016-04-07T20:50:12","modified_gmt":"2016-04-07T23:50:12","slug":"com-maluf-comissao-tem-maioria-favoravel-a-impeachment","status":"publish","type":"post","link":"https:\/\/www.sincomam.org.br\/index.php\/com-maluf-comissao-tem-maioria-favoravel-a-impeachment\/","title":{"rendered":"Com Maluf, comiss\u00e3o tem maioria favor\u00e1vel a impeachment"},"content":{"rendered":"<div data-template-placeholder=\"content-placeholder\">\n<p>A mudan\u00e7a de posicionamento do deputado federal Paulo Maluf<a href=\"http:\/\/www.exame.com.br\/topicos\/paulo-maluf\"><strong>\u00a0<\/strong><\/a>(PP-SP) fez a Comiss\u00e3o Especial do Impeachment<a href=\"http:\/\/www.exame.com.br\/topicos\/impeachment\"><strong>\u00a0<\/strong><\/a>passar a ter parlamentares suficientes para aprovar o parecer do relator, deputado Jovair Arantes (PTB-GO).\u00a0<\/p>\n<p>Trinta e tr\u00eas dos 65 deputados do colegiado disseram que v\u00e3o referendar o documento de Arantes, favor\u00e1vel ao afastamento da presidente Dilma Rousseff, com base nas pedaladas fiscais.<\/p>\n<p>At\u00e9 as 18h desta quinta-feira, 7, o Placar do Impeachment do jornal O Estado de S. Paulo mostrava que, no colegiado, 20 deputados devem ser contra o parecer, enquanto nove est\u00e3o indecisos.\u00a0<\/p>\n<p>Os parlamentares Weliton Prado (PMB-MG), Edio Lopes (PR-RR) e Jhonatan de Jesus (PRB-RR) n\u00e3o quiseram responder \u00e0 reportagem.<\/p>\n<p>A vota\u00e7\u00e3o do parecer est\u00e1 programada para a pr\u00f3xima segunda-feira, 11.<\/p>\n<p><b>Maluf<\/b><\/p>\n<p>O ex-prefeito de S\u00e3o Paulo havia se declarado at\u00e9 o in\u00edcio da semana contr\u00e1rio ao afastamento da presidente. A aproxima\u00e7\u00e3o do Planalto ao PP mediante troca de votos por cargos no segundo e terceiro escal\u00f5es foi um dos motivos, segundo Maluf, para a mudan\u00e7a de voto.<\/p>\n<p>O deputado fez o an\u00fancio, pelas redes sociais, no mesmo dia em que o presidente do PP, senador Ciro Nogueira, afirmou que o partido permanece na base de apoio do governo Dilma.\u00a0<\/p>\n<p>Segundo Nogueira, mais de 40 dos 57 parlamentares do partido preferem continuar como aliados do Planalto.<\/p>\n<p><b>Rito<\/b><\/p>\n<p>Nesta quinta-feira, 7, ser\u00e1 definido o rito de discuss\u00e3o e vota\u00e7\u00e3o do parecer. Um dos assuntos discutidos deve ser a possibilidade de sess\u00f5es no fim de semana.\u00a0<\/p>\n<p>Quanto a isso, disse o presidente da C\u00e2mara, Eduardo Cunha (PMDB-RJ), n\u00e3o h\u00e1 qualquer impedimento no regimento da Casa.<\/p>\n<p>Parlamentares favor\u00e1veis ao impeachment querem que a vota\u00e7\u00e3o no plen\u00e1rio ocorra em, no m\u00e1ximo, 10 dias.<\/p>\n<div><\/div>\n<\/div>\n","protected":false},"excerpt":{"rendered":"<p>A mudan\u00e7a de posicionamento do deputado federal Paulo Maluf\u00a0(PP-SP) fez a Comiss\u00e3o Especial do Impeachment\u00a0passar a ter parlamentares suficientes para aprovar o parecer do relator,&#8230;<\/p>\n","protected":false},"author":1182,"featured_media":19109,"comment_status":"closed","ping_status":"closed","sticky":false,"template":"","format":"standard","meta":{"footnotes":""},"categories":[6],"tags":[],"class_list":["post-19108","post","type-post","status-publish","format-standard","has-post-thumbnail","hentry","category-noticias"],"_links":{"self":[{"href":"https:\/\/www.sincomam.org.br\/index.php\/wp-json\/wp\/v2\/posts\/19108","targetHints":{"allow":["GET"]}}],"collection":[{"href":"https:\/\/www.sincomam.org.br\/index.php\/wp-json\/wp\/v2\/posts"}],"about":[{"href":"https:\/\/www.sincomam.org.br\/index.php\/wp-json\/wp\/v2\/types\/post"}],"author":[{"embeddable":true,"href":"https:\/\/www.sincomam.org.br\/index.php\/wp-json\/wp\/v2\/users\/1182"}],"replies":[{"embeddable":true,"href":"https:\/\/www.sincomam.org.br\/index.php\/wp-json\/wp\/v2\/comments?post=19108"}],"version-history":[{"count":1,"href":"https:\/\/www.sincomam.org.br\/index.php\/wp-json\/wp\/v2\/posts\/19108\/revisions"}],"predecessor-version":[{"id":19110,"href":"https:\/\/www.sincomam.org.br\/index.php\/wp-json\/wp\/v2\/posts\/19108\/revisions\/19110"}],"wp:featuredmedia":[{"embeddable":true,"href":"https:\/\/www.sincomam.org.br\/index.php\/wp-json\/wp\/v2\/media\/19109"}],"wp:attachment":[{"href":"https:\/\/www.sincomam.org.br\/index.php\/wp-json\/wp\/v2\/media?parent=19108"}],"wp:term":[{"taxonomy":"category","embeddable":true,"href":"https:\/\/www.sincomam.org.br\/index.php\/wp-json\/wp\/v2\/categories?post=19108"},{"taxonomy":"post_tag","embeddable":true,"href":"https:\/\/www.sincomam.org.br\/index.php\/wp-json\/wp\/v2\/tags?post=19108"}],"curies":[{"name":"wp","href":"https:\/\/api.w.org\/{rel}","templated":true}]}}