{"id":19085,"date":"2016-04-07T03:00:28","date_gmt":"2016-04-07T06:00:28","guid":{"rendered":"http:\/\/www.sincomam.org.br\/?p=19085"},"modified":"2016-04-06T21:19:55","modified_gmt":"2016-04-07T00:19:55","slug":"ministro-dos-portos-inaugura-obra-no-porto-de-santos","status":"publish","type":"post","link":"https:\/\/www.sincomam.org.br\/index.php\/ministro-dos-portos-inaugura-obra-no-porto-de-santos\/","title":{"rendered":"Ministro dos portos inaugura obra no porto de Santos"},"content":{"rendered":"<p>O ministro dos Portos, Helder Barbalho, entregou na tarde de ontem, ter\u00e7a-feira (5), o segundo trecho das obras de alinhamento do Cais de Outeirinhos, iniciadas h\u00e1 quatro anos no Porto de Santos. Antes disso, pela manh\u00e3, o chefe da Secretaria de Portos da Presid\u00eancia da Rep\u00fablica (SEP) participou da abertura da Intermodal South America 2016, que segue at\u00e9 a quinta-feira (7), na Capital.<\/p>\n<p>O projeto para o Cais de Outeirinhos, elaborado em 2011, prev\u00ea ampliar e otimizar a capacidade do complexo mar\u00edtimo para receber navios de cruzeiro. Com a obra, o cais, nas proximidades do Terminal de Passageiros Giusfredo Santini, est\u00e1 sendo alinhado com os demais trechos portu\u00e1rios e ampliado. De 630 metros, ele passar\u00e1 a ter 1.320 metros. Com isso, ser\u00e1 poss\u00edvel a atraca\u00e7\u00e3o simult\u00e2nea de at\u00e9 seis embarca\u00e7\u00f5es de cruzeiro no local, o dobro do que pode ocorrer atualmente.<\/p>\n<p>O trecho entregue nesta ter\u00e7a-feira (5) pelo ministro \u00e9 de 779 metros de cais, que se estende desde as instala\u00e7\u00f5es da Capitania dos Portos de S\u00e3o Paulo (CPSP) at\u00e9 o terminal T-Gr\u00e3o. A previs\u00e3o era de que esta frente da obra fosse conclu\u00edda em janeiro \u00faltimo. Os primeiros 512 metros foram entregues em junho do ano passado.<\/p>\n<p>Agora, a Companhia Docas do Estado de S\u00e3o Paulo (Codesp) dever\u00e1 providenciar o in\u00edcio da pr\u00f3xima frente de trabalho da obra. H\u00e1 ainda os trechos 5, 6 e 7 do servi\u00e7o, com um total de 504 metros, em frente ao Terminal de Passageiros.<\/p>\n<p>Neste local, a retro\u00e1rea, que \u00e9 de 20 metros, passar\u00e1 a ser de 33 metros. A instala\u00e7\u00e3o de novas redes de \u00e1gua pot\u00e1vel, combate a inc\u00eandio e drenagem est\u00e1 prevista, assim como a coloca\u00e7\u00e3o de equipamentos complementares (defensas e cabe\u00e7os).<\/p>\n<p>Fonte: A Tribuna<\/p>\n","protected":false},"excerpt":{"rendered":"<p>O ministro dos Portos, Helder Barbalho, entregou na tarde de ontem, ter\u00e7a-feira (5), o segundo trecho das obras de alinhamento do Cais de Outeirinhos, iniciadas&#8230;<\/p>\n","protected":false},"author":1182,"featured_media":17907,"comment_status":"closed","ping_status":"closed","sticky":false,"template":"","format":"standard","meta":{"footnotes":""},"categories":[6],"tags":[],"class_list":["post-19085","post","type-post","status-publish","format-standard","has-post-thumbnail","hentry","category-noticias"],"_links":{"self":[{"href":"https:\/\/www.sincomam.org.br\/index.php\/wp-json\/wp\/v2\/posts\/19085","targetHints":{"allow":["GET"]}}],"collection":[{"href":"https:\/\/www.sincomam.org.br\/index.php\/wp-json\/wp\/v2\/posts"}],"about":[{"href":"https:\/\/www.sincomam.org.br\/index.php\/wp-json\/wp\/v2\/types\/post"}],"author":[{"embeddable":true,"href":"https:\/\/www.sincomam.org.br\/index.php\/wp-json\/wp\/v2\/users\/1182"}],"replies":[{"embeddable":true,"href":"https:\/\/www.sincomam.org.br\/index.php\/wp-json\/wp\/v2\/comments?post=19085"}],"version-history":[{"count":1,"href":"https:\/\/www.sincomam.org.br\/index.php\/wp-json\/wp\/v2\/posts\/19085\/revisions"}],"predecessor-version":[{"id":19086,"href":"https:\/\/www.sincomam.org.br\/index.php\/wp-json\/wp\/v2\/posts\/19085\/revisions\/19086"}],"wp:featuredmedia":[{"embeddable":true,"href":"https:\/\/www.sincomam.org.br\/index.php\/wp-json\/wp\/v2\/media\/17907"}],"wp:attachment":[{"href":"https:\/\/www.sincomam.org.br\/index.php\/wp-json\/wp\/v2\/media?parent=19085"}],"wp:term":[{"taxonomy":"category","embeddable":true,"href":"https:\/\/www.sincomam.org.br\/index.php\/wp-json\/wp\/v2\/categories?post=19085"},{"taxonomy":"post_tag","embeddable":true,"href":"https:\/\/www.sincomam.org.br\/index.php\/wp-json\/wp\/v2\/tags?post=19085"}],"curies":[{"name":"wp","href":"https:\/\/api.w.org\/{rel}","templated":true}]}}