{"id":19048,"date":"2016-04-06T03:00:12","date_gmt":"2016-04-06T06:00:12","guid":{"rendered":"http:\/\/www.sincomam.org.br\/?p=19048"},"modified":"2016-04-05T23:02:05","modified_gmt":"2016-04-06T02:02:05","slug":"governo-preve-derrota-e-se-concentra-no-plenario-da-camara","status":"publish","type":"post","link":"https:\/\/www.sincomam.org.br\/index.php\/governo-preve-derrota-e-se-concentra-no-plenario-da-camara\/","title":{"rendered":"Governo prev\u00ea derrota e se concentra no plen\u00e1rio da C\u00e2mara"},"content":{"rendered":"<div data-template-placeholder=\"content-placeholder\">\n<p>O Pal\u00e1cio do Planalto espera uma derrota na comiss\u00e3o especial que analisa o processo de impeachment da presidente Dilma Rousseff na C\u00e2mara dos Deputados, mas avalia que o resultado n\u00e3o ser\u00e1 t\u00e3o ruim para o governo quanto o imaginado inicialmente e que a decis\u00e3o do plen\u00e1rio da Casa ser\u00e1 a mais importante, disseram \u00e0 Reuters duas fontes palacianas.<\/p>\n<p>\u201cA pr\u00f3pria forma\u00e7\u00e3o (da comiss\u00e3o) j\u00e1 foi esquisita e se sabe o que esperar. O que interessa \u00e9 o plen\u00e1rio\u201d, avaliou uma das fontes. Ainda assim, o esfor\u00e7o \u00e9 para evitar um placar muito el\u00e1stico. Se a diferen\u00e7a for pequena, avaliou a outra fonte, \u00e9 mais f\u00e1cil usar esses n\u00fameros apertados para tentar mudar votos em plen\u00e1rio, mostrando a parlamentares que a aprova\u00e7\u00e3o do impeachment n\u00e3o \u00e9 favas contadas, como tenta passar a oposi\u00e7\u00e3o.<\/p>\n<p>O Planalto chegou a avaliar a possibilidade de entrar com uma medida judicial contra o processo na comiss\u00e3o depois que o relator, Jovair Arantes (PTB-GO), anunciou que n\u00e3o pretende usar os dados apresentados pela defesa da presidente em seu relat\u00f3rio \u2013e nem o que foi levado pela acusa\u00e7\u00e3o.<\/p>\n<p>Mas a decis\u00e3o, no entanto, foi por deixar o processo correr e n\u00e3o apelar para a judicializa\u00e7\u00e3o neste momento. O governo acredita que, agora, cresceram as chances de conseguir segurar o processo de impeachment no plen\u00e1rio da C\u00e2mara. Da\u00ed a decis\u00e3o, anunciada pela presidente na manh\u00e3 desta ter\u00e7a-feira, de n\u00e3o fazer mudan\u00e7as na equipe ministerial antes da vota\u00e7\u00e3o do impeachment.<\/p>\n<p>\u201cO Pal\u00e1cio do Planalto n\u00e3o est\u00e1 pretendendo transformar qualquer reestrutura\u00e7\u00e3o ministerial antes de qualquer processo de vota\u00e7\u00e3o na C\u00e2mara. N\u00f3s n\u00e3o iremos mexer em nada atualmente. N\u00e3o est\u00e1 em quest\u00e3o\u201d, disse a presidente.\u00a0<\/p>\n<p>Parte do n\u00facleo pol\u00edtico do governo defendia as mudan\u00e7as antes da vota\u00e7\u00e3o. Outro grupo, no entanto, preferia esperar pelo resultado da vota\u00e7\u00e3o para s\u00f3 ent\u00e3o entregar os cargos ministeriais.\u00a0<\/p>\n<p>Nesse meio tempo, no entanto, o governo est\u00e1 retirando cargos de segundo e terceiro escal\u00e3o do PMDB, que decidiu h\u00e1 uma semana romper com o governo, e entregando para outros partidos da base. Nesta ter\u00e7a-feira, foi nomeado Antonio Iran Costa Magalh\u00e3es, indicado pelo PP, para a diretoria-geral do Departamento Nacional de Obras contra a Seca (Dnocs), cargo antes nas m\u00e3os do PMDB.<\/p>\n<p>Outros quatro peemedebistas, ligados ao ex-ministro do Turismo Henrique Eduardo Alves, e ao ex-ministro da Secretaria da Avia\u00e7\u00e3o Civil Eliseu Padilha tamb\u00e9m tiveram suas exonera\u00e7\u00f5es publicadas no Di\u00e1rio Oficial.<\/p>\n<p>O Planalto considerou \u201cperfeita\u201d a defesa apresentada na segunda-feira pelo advogado-geral da Uni\u00e3o, Jos\u00e9 Eduardo Cardozo, \u00e0 comiss\u00e3o do impeachment. A inten\u00e7\u00e3o \u00e9 preparar um resumo com os principais pontos da argumenta\u00e7\u00e3o e distribuir para todos os deputados e senadores, mas tamb\u00e9m para movimentos sociais, sindicatos, juristas e outros grupos que queiram fazer a defesa da presidente.<\/p>\n<p>Fonte: Exame<\/p>\n<div><\/div>\n<\/div>\n","protected":false},"excerpt":{"rendered":"<p>O Pal\u00e1cio do Planalto espera uma derrota na comiss\u00e3o especial que analisa o processo de impeachment da presidente Dilma Rousseff na C\u00e2mara dos Deputados, mas&#8230;<\/p>\n","protected":false},"author":1182,"featured_media":18128,"comment_status":"closed","ping_status":"closed","sticky":false,"template":"","format":"standard","meta":{"footnotes":""},"categories":[6],"tags":[],"class_list":["post-19048","post","type-post","status-publish","format-standard","has-post-thumbnail","hentry","category-noticias"],"_links":{"self":[{"href":"https:\/\/www.sincomam.org.br\/index.php\/wp-json\/wp\/v2\/posts\/19048","targetHints":{"allow":["GET"]}}],"collection":[{"href":"https:\/\/www.sincomam.org.br\/index.php\/wp-json\/wp\/v2\/posts"}],"about":[{"href":"https:\/\/www.sincomam.org.br\/index.php\/wp-json\/wp\/v2\/types\/post"}],"author":[{"embeddable":true,"href":"https:\/\/www.sincomam.org.br\/index.php\/wp-json\/wp\/v2\/users\/1182"}],"replies":[{"embeddable":true,"href":"https:\/\/www.sincomam.org.br\/index.php\/wp-json\/wp\/v2\/comments?post=19048"}],"version-history":[{"count":1,"href":"https:\/\/www.sincomam.org.br\/index.php\/wp-json\/wp\/v2\/posts\/19048\/revisions"}],"predecessor-version":[{"id":19049,"href":"https:\/\/www.sincomam.org.br\/index.php\/wp-json\/wp\/v2\/posts\/19048\/revisions\/19049"}],"wp:featuredmedia":[{"embeddable":true,"href":"https:\/\/www.sincomam.org.br\/index.php\/wp-json\/wp\/v2\/media\/18128"}],"wp:attachment":[{"href":"https:\/\/www.sincomam.org.br\/index.php\/wp-json\/wp\/v2\/media?parent=19048"}],"wp:term":[{"taxonomy":"category","embeddable":true,"href":"https:\/\/www.sincomam.org.br\/index.php\/wp-json\/wp\/v2\/categories?post=19048"},{"taxonomy":"post_tag","embeddable":true,"href":"https:\/\/www.sincomam.org.br\/index.php\/wp-json\/wp\/v2\/tags?post=19048"}],"curies":[{"name":"wp","href":"https:\/\/api.w.org\/{rel}","templated":true}]}}