{"id":19044,"date":"2016-04-06T01:30:50","date_gmt":"2016-04-06T04:30:50","guid":{"rendered":"http:\/\/www.sincomam.org.br\/?p=19044"},"modified":"2016-04-05T22:57:54","modified_gmt":"2016-04-06T01:57:54","slug":"cunha-cometera-crime-se-descumprir-decisao-diz-ministro","status":"publish","type":"post","link":"https:\/\/www.sincomam.org.br\/index.php\/cunha-cometera-crime-se-descumprir-decisao-diz-ministro\/","title":{"rendered":"Cunha cometer\u00e1 crime se descumprir decis\u00e3o, diz ministro"},"content":{"rendered":"<p>O ministro Marco Aur\u00e9lio Mello, do Supremo Tribunal Federal (STF), disse que o presidente da C\u00e2mara,\u00a0Eduardo Cunha\u00a0(PMDB-RJ), ir\u00e1 cometer crime de responsabilidade se n\u00e3o cumprir a decis\u00e3o do in\u00edcio da tarde desta ter\u00e7a-feira, 5, que determina o prosseguimento do pedido de impeachment contra o vice-presidente da Rep\u00fablica, Michel Temer.<\/p>\n<p>&#8220;\u00c9 impens\u00e1vel que n\u00e3o se observe uma decis\u00e3o do Supremo. A decis\u00e3o n\u00e3o \u00e9 do cidad\u00e3o Marco Aur\u00e9lio, \u00e9 do Supremo e deve ser observada&#8221;, disse o ministro. Questionado o que acontecer\u00e1 se o deputado n\u00e3o seguir a determina\u00e7\u00e3o da Justi\u00e7a, o ministro respondeu: &#8220;\u00c9 crime de responsabilidade e sujeito a glosa penal&#8221;.<\/p>\n<p>No in\u00edcio desta tarde, Marco Aur\u00e9lio determinou que Cunha aceite pedido de impeachment contra Temer e, com isso, instale uma comiss\u00e3o especial para analisar o processo.\u00a0<\/p>\n<p>Depois disso, Cunha classificou como &#8220;absurda&#8221; e &#8220;teratol\u00f3gica&#8221; a decis\u00e3o e anunciou que vai recorrer. O presidente da C\u00e2mara disse que vai pedir aos partidos a indica\u00e7\u00e3o de membros para formar a comiss\u00e3o especial, mas indicou que n\u00e3o h\u00e1 como fazer a instala\u00e7\u00e3o do grupo se n\u00e3o houver n\u00famero de membros suficientes.<\/p>\n<p>Segundo Marco Aur\u00e9lio, os eventuais recursos apresentados por Cunha n\u00e3o suspendem a execu\u00e7\u00e3o do que foi determinado e, por isso, o peemedebista deve come\u00e7ar a cumprir a decis\u00e3o de imediato. &#8220;Quando se inobserva (decis\u00e3o judicial) \u00e9 porque as coisas n\u00e3o v\u00e3o bem e eu n\u00e3o posso fechar o Brasil para balan\u00e7o&#8221;, disse Marco Aur\u00e9lio. Ele evitou rebater as cr\u00edticas de Cunha e disse &#8220;reconhecer o direito de espernear&#8221;.<\/p>\n<p>O ministro n\u00e3o descarta levar o caso para discuss\u00e3o no plen\u00e1rio da Corte j\u00e1 na pr\u00f3xima semana, depois da chegada do recurso e das manifesta\u00e7\u00f5es necess\u00e1rias. &#8220;Interposto o agravo, eu levarei imediatamente, depois de observado o devido processo legal, depois de ouvir o agravado, levarei imediatamente ao plen\u00e1rio. O plen\u00e1rio, que \u00e9 um \u00f3rg\u00e3o democr\u00e1tico por excel\u00eancia, e no Brasil n\u00f3s precisamos de democracia, decida&#8221;, disse o ministro.<\/p>\n<p>O caso sobre o impeachment de Temer foi levado ao STF pelo advogado mineiro Mariel M\u00e1rley Marra, que solicitou o desarquivamento de den\u00fancia apresentada \u00e0 C\u00e2mara.\u00a0<\/p>\n<p>No pedido de impeachment contra o peemedebista, Marra argumenta que o vice-presidente da Rep\u00fablica cometeu crime de responsabilidade e atentado contra a lei or\u00e7ament\u00e1ria ao assinar, como interino da presidente Dilma, quatro decretos que autorizavam a abertura de cr\u00e9dito suplementar sem autoriza\u00e7\u00e3o do Congresso Nacional e em desacordo com a meta fiscal vigente. O caso foi revelado pelo jornal O Estado de S. Paulo.<\/p>\n<p>Na decis\u00e3o, Marco Aur\u00e9lio entendeu que Cunha extrapolou suas atribui\u00e7\u00f5es e analisou o conte\u00fado da den\u00fancia contra Temer, quando deveria fazer apenas uma verifica\u00e7\u00e3o formal.\u00a0<\/p>\n<p>&#8220;Em s\u00edntese: consignado o atendimento das formalidades legais, cumpria dar seguimento \u00e0 den\u00fancia, compondo-se a Comiss\u00e3o Especial para a emiss\u00e3o de parecer&#8221;, escreveu o ministro. A an\u00e1lise do m\u00e9rito, argumenta, deve ser feita por um colegiado, mas o &#8220;figurino legal&#8221; n\u00e3o foi respeitado na decis\u00e3o de Cunha.<\/p>\n<p>Fonte: Exame<\/p>\n","protected":false},"excerpt":{"rendered":"<p>O ministro Marco Aur\u00e9lio Mello, do Supremo Tribunal Federal (STF), disse que o presidente da C\u00e2mara,\u00a0Eduardo Cunha\u00a0(PMDB-RJ), ir\u00e1 cometer crime de responsabilidade se n\u00e3o cumprir&#8230;<\/p>\n","protected":false},"author":1182,"featured_media":18249,"comment_status":"closed","ping_status":"closed","sticky":false,"template":"","format":"standard","meta":{"footnotes":""},"categories":[6],"tags":[],"class_list":["post-19044","post","type-post","status-publish","format-standard","has-post-thumbnail","hentry","category-noticias"],"_links":{"self":[{"href":"https:\/\/www.sincomam.org.br\/index.php\/wp-json\/wp\/v2\/posts\/19044","targetHints":{"allow":["GET"]}}],"collection":[{"href":"https:\/\/www.sincomam.org.br\/index.php\/wp-json\/wp\/v2\/posts"}],"about":[{"href":"https:\/\/www.sincomam.org.br\/index.php\/wp-json\/wp\/v2\/types\/post"}],"author":[{"embeddable":true,"href":"https:\/\/www.sincomam.org.br\/index.php\/wp-json\/wp\/v2\/users\/1182"}],"replies":[{"embeddable":true,"href":"https:\/\/www.sincomam.org.br\/index.php\/wp-json\/wp\/v2\/comments?post=19044"}],"version-history":[{"count":1,"href":"https:\/\/www.sincomam.org.br\/index.php\/wp-json\/wp\/v2\/posts\/19044\/revisions"}],"predecessor-version":[{"id":19045,"href":"https:\/\/www.sincomam.org.br\/index.php\/wp-json\/wp\/v2\/posts\/19044\/revisions\/19045"}],"wp:featuredmedia":[{"embeddable":true,"href":"https:\/\/www.sincomam.org.br\/index.php\/wp-json\/wp\/v2\/media\/18249"}],"wp:attachment":[{"href":"https:\/\/www.sincomam.org.br\/index.php\/wp-json\/wp\/v2\/media?parent=19044"}],"wp:term":[{"taxonomy":"category","embeddable":true,"href":"https:\/\/www.sincomam.org.br\/index.php\/wp-json\/wp\/v2\/categories?post=19044"},{"taxonomy":"post_tag","embeddable":true,"href":"https:\/\/www.sincomam.org.br\/index.php\/wp-json\/wp\/v2\/tags?post=19044"}],"curies":[{"name":"wp","href":"https:\/\/api.w.org\/{rel}","templated":true}]}}