{"id":19039,"date":"2016-04-06T00:10:20","date_gmt":"2016-04-06T03:10:20","guid":{"rendered":"http:\/\/www.sincomam.org.br\/?p=19039"},"modified":"2016-04-05T22:49:44","modified_gmt":"2016-04-06T01:49:44","slug":"medo-do-desemprego-cresce-em-marco-aponta-pesquisa-da-cni","status":"publish","type":"post","link":"https:\/\/www.sincomam.org.br\/index.php\/medo-do-desemprego-cresce-em-marco-aponta-pesquisa-da-cni\/","title":{"rendered":"Medo do desemprego cresce em mar\u00e7o, aponta pesquisa da CNI"},"content":{"rendered":"<p>O \u00edndice de medo do desemprego subiu 4,1% em mar\u00e7o, na compara\u00e7\u00e3o com dezembro do ano passado, informou a Confedera\u00e7\u00e3o Nacional da Ind\u00fastria (CNI) com base em 2.002 entrevistas em 142 munic\u00edpios entre 17 e 20 de mar\u00e7o.<\/p>\n<div class=\"grafico-cma componente_materia\">\n<p>De acordo com a entidade, o indicador de medo do desemprego atingiu, em mar\u00e7o de 2016, o segundo maior patamar da s\u00e9rie hist\u00f3rica iniciada em 1999. O \u00edndice ficou abaixo apenas do verificado em julho de 1999, informou a Confedera\u00e7\u00e3o Nacional da Ind\u00fastria. Quanto mais alto \u00e9 o indicador, maior \u00e9 o medo do desemprego.<\/p>\n<p>&#8220;Quando comparado com mar\u00e7o de 2015, o \u00edndice apresenta crescimento de 7,8%. \u00c9 importante destacar que o maior salto no indicador se verificou entre dezembro de 2014 e mar\u00e7o de 2015. Desse modo, a continuidade do crescimento do indicador indica que as expectativas dos brasileiros em rela\u00e7\u00e3o ao mercado de trabalho continuam a se deteriorar&#8221;, acrescentou a CNI.<\/p>\n<p>J\u00e1 o \u00edndice de satisfa\u00e7\u00e3o coma vida, informou a entidade, bateu novo recorde negativo, caindo 2,8% em rela\u00e7\u00e3o a dezembro de 2015 e chegando a 92,4 pontos. Em rela\u00e7\u00e3o a mar\u00e7o de 2015, o \u00edndice recuou 2,4%. Nesse caso, quanto mais baixo \u00e9 o \u00edndice, menor \u00e9 a chamada &#8220;satisfa\u00e7\u00e3o com a vida&#8221;, de acordo com a Confedera\u00e7\u00e3o Nacional da Ind\u00fastria.<\/p>\n<p>Fonte: G1<\/p>\n<\/div>\n","protected":false},"excerpt":{"rendered":"<p>O \u00edndice de medo do desemprego subiu 4,1% em mar\u00e7o, na compara\u00e7\u00e3o com dezembro do ano passado, informou a Confedera\u00e7\u00e3o Nacional da Ind\u00fastria (CNI) com&#8230;<\/p>\n","protected":false},"author":1182,"featured_media":17785,"comment_status":"closed","ping_status":"closed","sticky":false,"template":"","format":"standard","meta":{"footnotes":""},"categories":[6],"tags":[],"class_list":["post-19039","post","type-post","status-publish","format-standard","has-post-thumbnail","hentry","category-noticias"],"_links":{"self":[{"href":"https:\/\/www.sincomam.org.br\/index.php\/wp-json\/wp\/v2\/posts\/19039","targetHints":{"allow":["GET"]}}],"collection":[{"href":"https:\/\/www.sincomam.org.br\/index.php\/wp-json\/wp\/v2\/posts"}],"about":[{"href":"https:\/\/www.sincomam.org.br\/index.php\/wp-json\/wp\/v2\/types\/post"}],"author":[{"embeddable":true,"href":"https:\/\/www.sincomam.org.br\/index.php\/wp-json\/wp\/v2\/users\/1182"}],"replies":[{"embeddable":true,"href":"https:\/\/www.sincomam.org.br\/index.php\/wp-json\/wp\/v2\/comments?post=19039"}],"version-history":[{"count":1,"href":"https:\/\/www.sincomam.org.br\/index.php\/wp-json\/wp\/v2\/posts\/19039\/revisions"}],"predecessor-version":[{"id":19040,"href":"https:\/\/www.sincomam.org.br\/index.php\/wp-json\/wp\/v2\/posts\/19039\/revisions\/19040"}],"wp:featuredmedia":[{"embeddable":true,"href":"https:\/\/www.sincomam.org.br\/index.php\/wp-json\/wp\/v2\/media\/17785"}],"wp:attachment":[{"href":"https:\/\/www.sincomam.org.br\/index.php\/wp-json\/wp\/v2\/media?parent=19039"}],"wp:term":[{"taxonomy":"category","embeddable":true,"href":"https:\/\/www.sincomam.org.br\/index.php\/wp-json\/wp\/v2\/categories?post=19039"},{"taxonomy":"post_tag","embeddable":true,"href":"https:\/\/www.sincomam.org.br\/index.php\/wp-json\/wp\/v2\/tags?post=19039"}],"curies":[{"name":"wp","href":"https:\/\/api.w.org\/{rel}","templated":true}]}}