{"id":19028,"date":"2016-04-05T01:00:40","date_gmt":"2016-04-05T04:00:40","guid":{"rendered":"http:\/\/www.sincomam.org.br\/?p=19028"},"modified":"2016-04-04T20:19:18","modified_gmt":"2016-04-04T23:19:18","slug":"vale-vende-participacao-minoritaria-em-siderurgica-para-thyssenkrupp","status":"publish","type":"post","link":"https:\/\/www.sincomam.org.br\/index.php\/vale-vende-participacao-minoritaria-em-siderurgica-para-thyssenkrupp\/","title":{"rendered":"Vale vende participa\u00e7\u00e3o minorit\u00e1ria em sider\u00fargica para Thyssenkrupp"},"content":{"rendered":"<p>A Vale\u00a0anunciou que vendeu a sua participa\u00e7\u00e3o total de 26,87% na Companhia Sider\u00fargica do Atl\u00e2ntico (CSA), uma parceria com a alem\u00e3 Thyssenkrupp.<\/p>\n<p>Segundo a companhia, o neg\u00f3cio faz parte da sua estrat\u00e9gia de &#8220;simplifica\u00e7\u00e3o de seu portfolio de ativos&#8221;.<\/p>\n<p>Localizada no Distrito Industrial de Santa Cruz, no Rio de Janeiro- RJ, a CSA possui a capacidade de produzir 5 milh\u00f5es de toneladas de placas de a\u00e7o por ano.<\/p>\n<p>Pelo neg\u00f3cio, a Vale deixar\u00e1 de ter responsabilidade pela d\u00edvida da CSA. A companhia afirma ainda que a transa\u00e7\u00e3o &#8220;n\u00e3o ter\u00e1 impacto significativo no resultado financeiro&#8221;.<\/p>\n<p>&#8220;A participa\u00e7\u00e3o da Vale est\u00e1 sendo vendida por um pre\u00e7o simb\u00f3lico, entretanto existe uma cl\u00e1usula de earn-out v\u00e1lida por um per\u00edodo, que intitula \u00e0 Vale uma potencial receita caso o controle acion\u00e1rio da CSA seja vendido para um terceiro&#8221;, informou a Vale.<\/p>\n<p>&#8220;Adicionalmente, com a transa\u00e7\u00e3o, os acordos de acionistas existentes e outros contratos operacionais entre a Vale e a CSA deixar\u00e3o de existir, com a exce\u00e7\u00e3o do contrato de compra e venda de min\u00e9rio de ferro entre ambas as partes. Os direitos minorit\u00e1rios e outros direitos participativos da Vale na CSA n\u00e3o ser\u00e3o mais aplic\u00e1veis&#8221;, completou.<\/p>\n<p>O acordo depende de aprova\u00e7\u00e3o do Conselho Administrativo de Defesa Econ\u00f4mica (Cade).<\/p>\n<p>A CSA divulgou que tinha 2,6 bilh\u00f5es de euros em obriga\u00e7\u00f5es totais no fim do ano fiscal de 2015, destaca a Reuters.<\/p>\n<p>A sider\u00fargica viu os custos de produ\u00e7\u00e3o dispararem em meio \u00e0 infla\u00e7\u00e3o alta, volatilidade cambial e instabilidade pol\u00edtica que colaboraram para levar o Brasil a uma recess\u00e3o profunda. Nos doze meses at\u00e9 setembro, a CSA perdeu quase 400 milh\u00f5es de euros, mostraram dados da empresa.<\/p>\n<p><strong>Hist\u00f3rico<\/strong><br \/>A mineradora entrou no projeto ap\u00f3s enfrentar press\u00f5es pol\u00edticas para diversificar em atividades de valor agregado, como a\u00e7o ou fertilizantes, lembra a Reuters.<\/p>\n<p>Em 2009, o partido governista, o PT, pressionou a Vale a ampliar a parcela na CSA a partir dos 10% iniciais, com o projeto sofrendo atrasos e severos gastos.<\/p>\n<p>A sider\u00fargica, constru\u00edda por cerca de 10 bilh\u00f5es de d\u00f3lares, foi inaugurada com alarde no ano seguinte, em uma cerim\u00f4nia que contou com a presen\u00e7a do ex-presidente Luiz In\u00e1cio Lula da Silva.<\/p>\n<p>Desde que come\u00e7ou a operar em 2010, a CSA tem sido afetada por um excedente global no mercado de placas de a\u00e7o que pressiona as suas margens e limita o uso da capacidade.<\/p>\n<p>A CSA come\u00e7ou a apresentar problemas desde a inaugura\u00e7\u00e3o. O projeto tinha um erro na linha de produ\u00e7\u00e3o, e uma parte de Santa Cruz ficou coberta de fuligem, resultado da produ\u00e7\u00e3o de ferro gusa. Houve muitas reclama\u00e7\u00f5es dos moradores da regi\u00e3o por conta da polui\u00e7\u00e3o, duas a\u00e7\u00f5es do Minist\u00e9rio P\u00fablico por crimes ambientais e sete autua\u00e7\u00f5es do Inea, com milh\u00f5es de reais em multas.<\/p>\n<p>O presidente-executivo da companhia, Murilo Ferreira, disse recentemente que a empresa estava considerando a venda de ativos para reduzir a d\u00edvida em 10 bilh\u00f5es de d\u00f3lares em um per\u00edodo de 18 meses.<\/p>\n<p>A Vale ainda mant\u00e9m participa\u00e7\u00e3o na Companhia Sider\u00fargica do Pec\u00e9m (CSP), no Cear\u00e1 \u2013 joint venture entre a brasileira e as sul-coreanas Dongkuk e Posco.<\/p>\n<p>Fonte: G1<\/p>\n","protected":false},"excerpt":{"rendered":"<p>A Vale\u00a0anunciou que vendeu a sua participa\u00e7\u00e3o total de 26,87% na Companhia Sider\u00fargica do Atl\u00e2ntico (CSA), uma parceria com a alem\u00e3 Thyssenkrupp. Segundo a companhia,&#8230;<\/p>\n","protected":false},"author":1182,"featured_media":18013,"comment_status":"closed","ping_status":"closed","sticky":false,"template":"","format":"standard","meta":{"footnotes":""},"categories":[6],"tags":[],"class_list":["post-19028","post","type-post","status-publish","format-standard","has-post-thumbnail","hentry","category-noticias"],"_links":{"self":[{"href":"https:\/\/www.sincomam.org.br\/index.php\/wp-json\/wp\/v2\/posts\/19028","targetHints":{"allow":["GET"]}}],"collection":[{"href":"https:\/\/www.sincomam.org.br\/index.php\/wp-json\/wp\/v2\/posts"}],"about":[{"href":"https:\/\/www.sincomam.org.br\/index.php\/wp-json\/wp\/v2\/types\/post"}],"author":[{"embeddable":true,"href":"https:\/\/www.sincomam.org.br\/index.php\/wp-json\/wp\/v2\/users\/1182"}],"replies":[{"embeddable":true,"href":"https:\/\/www.sincomam.org.br\/index.php\/wp-json\/wp\/v2\/comments?post=19028"}],"version-history":[{"count":1,"href":"https:\/\/www.sincomam.org.br\/index.php\/wp-json\/wp\/v2\/posts\/19028\/revisions"}],"predecessor-version":[{"id":19029,"href":"https:\/\/www.sincomam.org.br\/index.php\/wp-json\/wp\/v2\/posts\/19028\/revisions\/19029"}],"wp:featuredmedia":[{"embeddable":true,"href":"https:\/\/www.sincomam.org.br\/index.php\/wp-json\/wp\/v2\/media\/18013"}],"wp:attachment":[{"href":"https:\/\/www.sincomam.org.br\/index.php\/wp-json\/wp\/v2\/media?parent=19028"}],"wp:term":[{"taxonomy":"category","embeddable":true,"href":"https:\/\/www.sincomam.org.br\/index.php\/wp-json\/wp\/v2\/categories?post=19028"},{"taxonomy":"post_tag","embeddable":true,"href":"https:\/\/www.sincomam.org.br\/index.php\/wp-json\/wp\/v2\/tags?post=19028"}],"curies":[{"name":"wp","href":"https:\/\/api.w.org\/{rel}","templated":true}]}}