{"id":19012,"date":"2016-04-04T00:04:47","date_gmt":"2016-04-04T03:04:47","guid":{"rendered":"http:\/\/www.sincomam.org.br\/?p=19012"},"modified":"2016-04-03T15:51:49","modified_gmt":"2016-04-03T18:51:49","slug":"nem-dilma-nem-temer","status":"publish","type":"post","link":"https:\/\/www.sincomam.org.br\/index.php\/nem-dilma-nem-temer\/","title":{"rendered":"Nem Dilma nem Temer"},"content":{"rendered":"<p>A presidente Dilma Rousseff (PT) perdeu as condi\u00e7\u00f5es de governar o pa\u00eds.<\/p>\n<p>\u00c9 com pesar que este jornal chega a essa conclus\u00e3o. Nunca \u00e9 desej\u00e1vel interromper, ainda que por meios legais, um mandato presidencial obtido em elei\u00e7\u00e3o democr\u00e1tica.<\/p>\n<p>Depois de seu partido protagonizar os maiores esc\u00e2ndalos de corrup\u00e7\u00e3o de que se tem not\u00edcia; depois de se reeleger \u00e0 custa de clamoroso estelionato eleitoral; depois de seu governo provocar a pior recess\u00e3o da hist\u00f3ria, Dilma colhe o que merece.<\/p>\n<p>Formou-se imensa maioria favor\u00e1vel a seu impeachment. As maiores manifesta\u00e7\u00f5es pol\u00edticas de que se tem registro no Brasil tomaram as ruas a exigir a remo\u00e7\u00e3o da presidente. Sempre oportunistas, as for\u00e7as dominantes no Congresso ocupam o vazio deixado pelo colapso do governo.<\/p>\n<p>A administra\u00e7\u00e3o foi posta a servi\u00e7o de dois prop\u00f3sitos: barrar o impedimento, mediante desbragada compra de apoio parlamentar, e proteger o ex-presidente Lula e companheiros \u00e0s voltas com problemas na Justi\u00e7a.<\/p>\n<p>Mesmo que ven\u00e7a a batalha na C\u00e2mara, o que parece cada vez mais improv\u00e1vel, n\u00e3o se vislumbra como ela possa voltar a governar. Os fatores que levaram \u00e0 fal\u00eancia de sua autoridade persistir\u00e3o.<\/p>\n<p>Enquanto Dilma Rousseff permanecer no cargo, a na\u00e7\u00e3o seguir\u00e1 crispada, paralisada. \u00c9 for\u00e7oso reconhecer que a presidente constitui hoje o obst\u00e1culo \u00e0 recupera\u00e7\u00e3o do pa\u00eds.<\/p>\n<p>Esta\u00a0Folha\u00a0continuar\u00e1 empenhando-se em publicar um resumo equilibrado dos fatos e um espectro plural de opini\u00f5es, mas passa a se incluir entre os que preferem a ren\u00fancia \u00e0 deposi\u00e7\u00e3o constitucional.<\/p>\n<p>Embora existam motivos para o impedimento, at\u00e9 porque a legisla\u00e7\u00e3o estabelece farta gama de op\u00e7\u00f5es, nenhum deles \u00e9 irrefut\u00e1vel. N\u00e3o que faltem ind\u00edcios de m\u00e1 conduta; falta, at\u00e9 agora, comprova\u00e7\u00e3o cabal. Pedaladas fiscais s\u00e3o raz\u00e3o question\u00e1vel numa cultura or\u00e7ament\u00e1ria ainda permissiva.<\/p>\n<p>Mesmo desmoralizado, o PT tem respaldo de uma minoria expressiva; o impeachment tender\u00e1 a deixar um rastro de ressentimento. J\u00e1 a ren\u00fancia traduziria, num gesto de desapego e realismo, a consci\u00eancia da mandat\u00e1ria de que condi\u00e7\u00f5es alheias \u00e0 sua vontade a impedem de se desincumbir da miss\u00e3o.<\/p>\n<p>A mesma consci\u00eancia deveria ter Michel Temer (PMDB), que tampouco disp\u00f5e de suficiente apoio na sociedade. Dada a gravidade excepcional desta crise, seria uma b\u00ean\u00e7\u00e3o que o poder retornasse logo ao povo a fim de que ele investisse algu\u00e9m da legitimidade requerida para promover reformas estruturais e tirar o pa\u00eds da estagna\u00e7\u00e3o.<\/p>\n<p>O Tribunal Superior Eleitoral julgar\u00e1 as contas da chapa eleita em 2014 e poder\u00e1 cass\u00e1-la. Seja por essa sa\u00edda, seja pela ren\u00fancia dupla, a popula\u00e7\u00e3o seria convocada a participar de nova elei\u00e7\u00e3o presidencial, num prazo de 90 dias.<\/p>\n<p>Imprescind\u00edvel, antes, que a C\u00e2mara dos Deputados ou o Supremo Tribunal Federal afaste de vez a nefasta figura de Eduardo Cunha \u2013o pr\u00f3ximo na linha de sucess\u00e3o\u2013, r\u00e9u naquela corte e que jamais poderia dirigir o Brasil nesse intervalo.<\/p>\n<p>Dilma Rousseff deve renunciar j\u00e1, para poupar o pa\u00eds do trauma do impeachment e superar tanto o impasse que o mant\u00e9m atolado como a calamidade sem precedentes do atual governo.<\/p>\n<p>Fonte: Editorial da Folha de S\u00e3o Paulo publicado no dia 02\/04\/2016<\/p>\n","protected":false},"excerpt":{"rendered":"<p>A presidente Dilma Rousseff (PT) perdeu as condi\u00e7\u00f5es de governar o pa\u00eds. \u00c9 com pesar que este jornal chega a essa conclus\u00e3o. Nunca \u00e9 desej\u00e1vel&#8230;<\/p>\n","protected":false},"author":1182,"featured_media":19013,"comment_status":"closed","ping_status":"closed","sticky":false,"template":"","format":"standard","meta":{"footnotes":""},"categories":[6],"tags":[],"class_list":["post-19012","post","type-post","status-publish","format-standard","has-post-thumbnail","hentry","category-noticias"],"_links":{"self":[{"href":"https:\/\/www.sincomam.org.br\/index.php\/wp-json\/wp\/v2\/posts\/19012","targetHints":{"allow":["GET"]}}],"collection":[{"href":"https:\/\/www.sincomam.org.br\/index.php\/wp-json\/wp\/v2\/posts"}],"about":[{"href":"https:\/\/www.sincomam.org.br\/index.php\/wp-json\/wp\/v2\/types\/post"}],"author":[{"embeddable":true,"href":"https:\/\/www.sincomam.org.br\/index.php\/wp-json\/wp\/v2\/users\/1182"}],"replies":[{"embeddable":true,"href":"https:\/\/www.sincomam.org.br\/index.php\/wp-json\/wp\/v2\/comments?post=19012"}],"version-history":[{"count":1,"href":"https:\/\/www.sincomam.org.br\/index.php\/wp-json\/wp\/v2\/posts\/19012\/revisions"}],"predecessor-version":[{"id":19014,"href":"https:\/\/www.sincomam.org.br\/index.php\/wp-json\/wp\/v2\/posts\/19012\/revisions\/19014"}],"wp:featuredmedia":[{"embeddable":true,"href":"https:\/\/www.sincomam.org.br\/index.php\/wp-json\/wp\/v2\/media\/19013"}],"wp:attachment":[{"href":"https:\/\/www.sincomam.org.br\/index.php\/wp-json\/wp\/v2\/media?parent=19012"}],"wp:term":[{"taxonomy":"category","embeddable":true,"href":"https:\/\/www.sincomam.org.br\/index.php\/wp-json\/wp\/v2\/categories?post=19012"},{"taxonomy":"post_tag","embeddable":true,"href":"https:\/\/www.sincomam.org.br\/index.php\/wp-json\/wp\/v2\/tags?post=19012"}],"curies":[{"name":"wp","href":"https:\/\/api.w.org\/{rel}","templated":true}]}}