{"id":18993,"date":"2016-04-01T10:58:05","date_gmt":"2016-04-01T13:58:05","guid":{"rendered":"http:\/\/www.sincomam.org.br\/?p=18993"},"modified":"2016-04-01T10:58:05","modified_gmt":"2016-04-01T13:58:05","slug":"impeachment-e-pretexto-para-entregar-o-pre-sal","status":"publish","type":"post","link":"https:\/\/www.sincomam.org.br\/index.php\/impeachment-e-pretexto-para-entregar-o-pre-sal\/","title":{"rendered":"Impeachment \u00e9 pretexto para entregar o pr\u00e9-sal"},"content":{"rendered":"<p>O coordenador do Sindicato dos Petroleiros do Rio de Janeiro (Sindipetro-RJ) e da Federa\u00e7\u00e3o Nacional dos Petroleiros, Emanuel Cancella, disse ontem, quinta-feira, durante ato em defesa da democracia no Rio de Janeiro, que um eventual impeachment da presidente Dilma Rousseff e sua substitui\u00e7\u00e3o pelo vice-presidente Michel Temer pode levar \u00e0 privatiza\u00e7\u00e3o da Petrobras e \u00e0 entrega do pr\u00e9-sal para empresas privadas.<\/p>\n<p>Segundo Cancella, o governo do PT foi o respons\u00e1vel pela retomada da Petrobras, e n\u00e3o pela crise na companhia. \u201cO Governo Fernando Henrique tentou privatizar a Petrobras, e se privatizasse, o pr\u00e9-sal ia de b\u00f4nus. Foram os governos do PT que desenvolveram tecnologia in\u00e9dita no mundo que propiciou a descoberta do pr\u00e9-sal.\u201d<\/p>\n<p>Segundo o l\u00edder sindical, a crise das companhias de petr\u00f3leo \u00e9 mundial e a Petrobras tem condi\u00e7\u00f5es de superar o momento de dificuldade e ajudar o pa\u00eds a retomar o crescimento. \u201cO pr\u00e9-sal j\u00e1 pro-duz um milh\u00e3o de barris por dia, o ac\u00famulo de reservas hoje da Petrobras \u00e9 de 100 bilh\u00f5es de barris, isso garante o abastecimento do Brasil nos pr\u00f3ximos 50 anos. Com o pre\u00e7o (do barril) a 40 d\u00f3lares, n\u00f3s temos um tesouro de 4 trilh\u00f5es de d\u00f3lares, essa empresa n\u00e3o est\u00e1 falida. Mas a gente quer que todos os corruptos v\u00e3o para a cadeia. Muito antes da Lava Jato os sindicatos j\u00e1 denunciavam a corrup\u00e7\u00e3o da Petrobras, de diretores que agora foram presos\u201d, lembrou.<\/p>\n<p>Fonte: Monitor Mercantil<\/p>\n","protected":false},"excerpt":{"rendered":"<p>O coordenador do Sindicato dos Petroleiros do Rio de Janeiro (Sindipetro-RJ) e da Federa\u00e7\u00e3o Nacional dos Petroleiros, Emanuel Cancella, disse ontem, quinta-feira, durante ato em&#8230;<\/p>\n","protected":false},"author":1182,"featured_media":18128,"comment_status":"closed","ping_status":"closed","sticky":false,"template":"","format":"standard","meta":{"footnotes":""},"categories":[6],"tags":[],"class_list":["post-18993","post","type-post","status-publish","format-standard","has-post-thumbnail","hentry","category-noticias"],"_links":{"self":[{"href":"https:\/\/www.sincomam.org.br\/index.php\/wp-json\/wp\/v2\/posts\/18993","targetHints":{"allow":["GET"]}}],"collection":[{"href":"https:\/\/www.sincomam.org.br\/index.php\/wp-json\/wp\/v2\/posts"}],"about":[{"href":"https:\/\/www.sincomam.org.br\/index.php\/wp-json\/wp\/v2\/types\/post"}],"author":[{"embeddable":true,"href":"https:\/\/www.sincomam.org.br\/index.php\/wp-json\/wp\/v2\/users\/1182"}],"replies":[{"embeddable":true,"href":"https:\/\/www.sincomam.org.br\/index.php\/wp-json\/wp\/v2\/comments?post=18993"}],"version-history":[{"count":1,"href":"https:\/\/www.sincomam.org.br\/index.php\/wp-json\/wp\/v2\/posts\/18993\/revisions"}],"predecessor-version":[{"id":18994,"href":"https:\/\/www.sincomam.org.br\/index.php\/wp-json\/wp\/v2\/posts\/18993\/revisions\/18994"}],"wp:featuredmedia":[{"embeddable":true,"href":"https:\/\/www.sincomam.org.br\/index.php\/wp-json\/wp\/v2\/media\/18128"}],"wp:attachment":[{"href":"https:\/\/www.sincomam.org.br\/index.php\/wp-json\/wp\/v2\/media?parent=18993"}],"wp:term":[{"taxonomy":"category","embeddable":true,"href":"https:\/\/www.sincomam.org.br\/index.php\/wp-json\/wp\/v2\/categories?post=18993"},{"taxonomy":"post_tag","embeddable":true,"href":"https:\/\/www.sincomam.org.br\/index.php\/wp-json\/wp\/v2\/tags?post=18993"}],"curies":[{"name":"wp","href":"https:\/\/api.w.org\/{rel}","templated":true}]}}