{"id":18991,"date":"2016-04-01T10:33:24","date_gmt":"2016-04-01T13:33:24","guid":{"rendered":"http:\/\/www.sincomam.org.br\/?p=18991"},"modified":"2016-04-01T10:56:33","modified_gmt":"2016-04-01T13:56:33","slug":"aliado-de-temer-e-exonerado-da-vice-presidencia-da-caixa","status":"publish","type":"post","link":"https:\/\/www.sincomam.org.br\/index.php\/aliado-de-temer-e-exonerado-da-vice-presidencia-da-caixa\/","title":{"rendered":"Aliado de Temer \u00e9 exonerado da vice-presid\u00eancia da Caixa"},"content":{"rendered":"<p>A presidente Dilma Rousseff exonerou Roberto Derzi\u00ea de Sant&#8217;anna do cargo de vice-presidente da Caixa Econ\u00f4mica Federal. Derzi\u00ea \u00e9 ligado ao vice-presidente da Rep\u00fablica, Michel Temer (PMDB), e empregado do banco h\u00e1 mais de 30 anos.\u00a0<\/p>\n<p>Derzi\u00ea havia retornado \u00e0 Caixa, para a Vice-Presid\u00eancia de Riscos, em outubro do ano passado, quando deixou a fun\u00e7\u00e3o de secret\u00e1rio executivo de Temer, que \u00e0 \u00e9poca atuava na articula\u00e7\u00e3o pol\u00edtica do governo.<\/p>\n<p>A exonera\u00e7\u00e3o do aliado o vice-presidente est\u00e1 publicada no Di\u00e1rio Oficial da Uni\u00e3o (DOU) desta sexta-feira, 1.\u00a0<\/p>\n<p>Esta \u00e9 mais uma vaga que o PMDB\u00a0tinha na administra\u00e7\u00e3o federal e que foi retirada pela presidente Dilma depois que o partido decidiu romper com o governo, o que dificultou a coleta de votos de que a presidente precisa para barrar seu impeachment no Congresso.<\/p>\n<p>Esta semana, Dilma exonerou o diretor-geral do Departamento Nacional de Obras contra a Seca (Dnocs), Walter Gomes de Sousa, e o diretor da Companhia Nacional de Abastecimento Rog\u00e9rio Luiz Zeraik Abdalla, ambos indicados pelo PMDB.<\/p>\n<p>Al\u00e9m da Conab e Dnocs, na semana passada, Antonio Henrique de Carvalho Pires foi exonerado da presid\u00eancia da Funda\u00e7\u00e3o Nacional de Sa\u00fade (Funasa).\u00a0<\/p>\n<p>Pires foi indicado ao cargo pelo vice Michel Temer, que s\u00f3 ficou sabendo da demiss\u00e3o do apadrinhado pela publica\u00e7\u00e3o no Di\u00e1rio Oficial.<\/p>\n<h3><b>Casa da Moeda<\/b><\/h3>\n<p>A edi\u00e7\u00e3o desta sexta do DOU tamb\u00e9m traz a exonera\u00e7\u00e3o de Paulo Ricardo de Matos Ferreira do cargo de diretor da Casa da Moeda do Brasil, vinculada ao Minist\u00e9rio da Fazenda. Para o lugar dele foi nomeado Jehovah de Araujo Silva Junior.<\/p>\n<p>Fonte: Exame<\/p>\n","protected":false},"excerpt":{"rendered":"<p>A presidente Dilma Rousseff exonerou Roberto Derzi\u00ea de Sant&#8217;anna do cargo de vice-presidente da Caixa Econ\u00f4mica Federal. Derzi\u00ea \u00e9 ligado ao vice-presidente da Rep\u00fablica, Michel&#8230;<\/p>\n","protected":false},"author":1182,"featured_media":18922,"comment_status":"closed","ping_status":"closed","sticky":false,"template":"","format":"standard","meta":{"footnotes":""},"categories":[6],"tags":[],"class_list":["post-18991","post","type-post","status-publish","format-standard","has-post-thumbnail","hentry","category-noticias"],"_links":{"self":[{"href":"https:\/\/www.sincomam.org.br\/index.php\/wp-json\/wp\/v2\/posts\/18991","targetHints":{"allow":["GET"]}}],"collection":[{"href":"https:\/\/www.sincomam.org.br\/index.php\/wp-json\/wp\/v2\/posts"}],"about":[{"href":"https:\/\/www.sincomam.org.br\/index.php\/wp-json\/wp\/v2\/types\/post"}],"author":[{"embeddable":true,"href":"https:\/\/www.sincomam.org.br\/index.php\/wp-json\/wp\/v2\/users\/1182"}],"replies":[{"embeddable":true,"href":"https:\/\/www.sincomam.org.br\/index.php\/wp-json\/wp\/v2\/comments?post=18991"}],"version-history":[{"count":1,"href":"https:\/\/www.sincomam.org.br\/index.php\/wp-json\/wp\/v2\/posts\/18991\/revisions"}],"predecessor-version":[{"id":18992,"href":"https:\/\/www.sincomam.org.br\/index.php\/wp-json\/wp\/v2\/posts\/18991\/revisions\/18992"}],"wp:featuredmedia":[{"embeddable":true,"href":"https:\/\/www.sincomam.org.br\/index.php\/wp-json\/wp\/v2\/media\/18922"}],"wp:attachment":[{"href":"https:\/\/www.sincomam.org.br\/index.php\/wp-json\/wp\/v2\/media?parent=18991"}],"wp:term":[{"taxonomy":"category","embeddable":true,"href":"https:\/\/www.sincomam.org.br\/index.php\/wp-json\/wp\/v2\/categories?post=18991"},{"taxonomy":"post_tag","embeddable":true,"href":"https:\/\/www.sincomam.org.br\/index.php\/wp-json\/wp\/v2\/tags?post=18991"}],"curies":[{"name":"wp","href":"https:\/\/api.w.org\/{rel}","templated":true}]}}