{"id":18968,"date":"2016-03-31T00:45:06","date_gmt":"2016-03-31T03:45:06","guid":{"rendered":"http:\/\/www.sincomam.org.br\/?p=18968"},"modified":"2016-03-30T19:12:19","modified_gmt":"2016-03-30T22:12:19","slug":"moro-diz-que-lula-quis-intimidar-e-obstruir-investigacoes","status":"publish","type":"post","link":"https:\/\/www.sincomam.org.br\/index.php\/moro-diz-que-lula-quis-intimidar-e-obstruir-investigacoes\/","title":{"rendered":"Moro diz que Lula quis intimidar e obstruir investiga\u00e7\u00f5es"},"content":{"rendered":"<p>No of\u00edcio que enviou ao Supremo Tribunal Federal para explicar porque mandou grampear o ex-presidente Luiz In\u00e1cio Lula da Silva e porque deu publicidade aos \u00e1udios, o juiz federal S\u00e9rgio Moro, da Opera\u00e7\u00e3o Lava Jato, cravou que o petista quis &#8220;intimidar&#8221; e &#8220;obstruir&#8221; as investiga\u00e7\u00f5es das quais era alvo.<\/p>\n<p>Para o magistrado, a conduta de Lula pode &#8220;configurar crime de obstru\u00e7\u00e3o \u00e0 Justi\u00e7a&#8221; &#8211; tipificado na Lei 12.850\/13, que define organiza\u00e7\u00e3o criminosa.<\/p>\n<p>&#8220;Mesmo sem eventual tipifica\u00e7\u00e3o, condutas de obstru\u00e7\u00e3o \u00e0 Justi\u00e7a s\u00e3o juridicamente relevantes para o processo penal porque reclamam medidas processuais para coart\u00e1-las&#8221;, anotou o juiz.<\/p>\n<p>Moro transcreveu, na pe\u00e7a de 30 p\u00e1ginas, doze intercepta\u00e7\u00f5es telef\u00f4nicas da Pol\u00edcia Federal anexadas aos autos da Opera\u00e7\u00e3o Aletheia, desdobramento da Lava Jato que pegou Lula e a ele atribui a propriedade do s\u00edtio Santa B\u00e1rbara, em Atibaia (SP) &#8211; o que \u00e9 negado veementemente pela defesa do petista.<\/p>\n<p>O juiz chamou a aten\u00e7\u00e3o para um grampo em especial, no qual Lula disse a seu interlocutor &#8220;eles t\u00eam que ter medo&#8221;, em refer\u00eancia aos investigadores que vasculham sua vida. Para Moro, o ex-presidente fez tal afirma\u00e7\u00e3o &#8220;sem maiores pudores&#8221;.<\/p>\n<p>&#8220;N\u00e3o se trata de uma afirma\u00e7\u00e3o que n\u00e3o gere naturais receios aos respons\u00e1veis pelos processos atinentes ao esquema criminoso da Petrobras. Entendeu este Ju\u00edzo que, nesse contexto, o pedido do Minist\u00e9rio P\u00fablico Federal de levantamento do sigilo do processo se justificava exatamente para prevenir novas condutas do ex-presidente para obstruir a Justi\u00e7a, influenciar indevidamente magistrados ou intimidar os respons\u00e1veis pelos processos atinentes ao esquema criminoso da Petrobr\u00e1s. O prop\u00f3sito n\u00e3o foi, portanto, politico-partid\u00e1rio.&#8221;<\/p>\n<p>Um grampo que Moro transcreve pegou Lula com o ministro Nelson Barbosa, da Fazenda. O ex-presidente demonstra contrariedade com a a\u00e7\u00e3o da Receita no Instituto Lula e na LILS Eventos e Palestras.\u00a0<\/p>\n<p>Aparentemente, ele sugere ao ministro que cobre do Fisco investiga\u00e7\u00f5es em emissoras de TV e at\u00e9 na funda\u00e7\u00e3o do advers\u00e1rio pol\u00edtico Fernando Henrique Cardoso, do PSDB.<\/p>\n<p>&#8220;O ex-presidente contatou o atual ministro da Fazenda buscando que este interferisse nas apura\u00e7\u00f5es que a Receita Federal, em aux\u00edlio \u00e0s investiga\u00e7\u00f5es na Opera\u00e7\u00e3o Lava Jato, realiza em rela\u00e7\u00e3o ao Instituto Lula e a sua empresa de palestras. A inten\u00e7\u00e3o foi percebida, aparentemente, pelo ministro da Fazenda que, al\u00e9m de ser evasivo, n\u00e3o se pronunciou acolhendo a referida solicita\u00e7\u00e3o&#8221;, destaca Moro.<\/p>\n<p>Para o juiz, &#8220;em princ\u00edpio, n\u00e3o se pode afirmar que o referido di\u00e1logo interceptado n\u00e3o teria relev\u00e2ncia jur\u00eddico-criminal e, se tem, n\u00e3o se pode afirmar que a divulga\u00e7\u00e3o afronta o direito \u00e0 privacidade do ex-presidente&#8221;.<\/p>\n<p>&#8220;A colheita fortuita do di\u00e1logo com autoridade com foro privilegiado, entretanto, n\u00e3o implica a necessidade de mudan\u00e7a do foro para o Supremo Tribunal Federal, pois n\u00e3o h\u00e1 qualquer elemento probat\u00f3rio que autorize conclus\u00e3o de que o ministro Nelson Barbosa cedeu \u00e0s solicita\u00e7\u00f5es indevidas do ex-presidente, o contr\u00e1rio se depreendendo do di\u00e1logo. Isso, por\u00e9m, n\u00e3o torna inv\u00e1lida \u00e0 intercepta\u00e7\u00e3o ou impede a utiliza\u00e7\u00e3o ou a divulga\u00e7\u00e3o do di\u00e1logo, a pretexto de preservar privacidade, pois n\u00e3o h\u00e1 esse direito em rela\u00e7\u00e3o ao investigado Luiz In\u00e1cio Lula da Silva, j\u00e1 que o di\u00e1logo, para ele, tem relev\u00e2ncia jur\u00eddico-criminal&#8221;, assinalou o juiz.<\/p>\n<p>Moro aponta &#8220;outros di\u00e1logos do ex-presidente intencionando ou tentando obstruir ou influenciar indevidamente a Justi\u00e7a&#8221;. &#8220;H\u00e1 tamb\u00e9m di\u00e1logos nos quais revela a inten\u00e7\u00e3o de intimidar as autoridades respons\u00e1veis pela investiga\u00e7\u00e3o e processo&#8221;, escreveu<\/p>\n<p><b>Defesa<\/b><\/p>\n<p>Em nota, o Instituto Lula disse que o ex-presidente &#8220;n\u00e3o \u00e9 r\u00e9u, n\u00e3o cometeu nenhum crime nem \u00e9 investigado pela Justi\u00e7a&#8221;. O texto afirma tamb\u00e9m que &#8220;s\u00e3o falsas e sem fundamento as acusa\u00e7\u00f5es contra o ex-presidente&#8221; e que &#8220;Lula em nenhum momento fugiu da Justi\u00e7a&#8221;.<\/p>\n<p>Fonte: Exame<\/p>\n","protected":false},"excerpt":{"rendered":"<p>No of\u00edcio que enviou ao Supremo Tribunal Federal para explicar porque mandou grampear o ex-presidente Luiz In\u00e1cio Lula da Silva e porque deu publicidade aos&#8230;<\/p>\n","protected":false},"author":1182,"featured_media":18841,"comment_status":"closed","ping_status":"closed","sticky":false,"template":"","format":"standard","meta":{"footnotes":""},"categories":[6],"tags":[],"class_list":["post-18968","post","type-post","status-publish","format-standard","has-post-thumbnail","hentry","category-noticias"],"_links":{"self":[{"href":"https:\/\/www.sincomam.org.br\/index.php\/wp-json\/wp\/v2\/posts\/18968","targetHints":{"allow":["GET"]}}],"collection":[{"href":"https:\/\/www.sincomam.org.br\/index.php\/wp-json\/wp\/v2\/posts"}],"about":[{"href":"https:\/\/www.sincomam.org.br\/index.php\/wp-json\/wp\/v2\/types\/post"}],"author":[{"embeddable":true,"href":"https:\/\/www.sincomam.org.br\/index.php\/wp-json\/wp\/v2\/users\/1182"}],"replies":[{"embeddable":true,"href":"https:\/\/www.sincomam.org.br\/index.php\/wp-json\/wp\/v2\/comments?post=18968"}],"version-history":[{"count":1,"href":"https:\/\/www.sincomam.org.br\/index.php\/wp-json\/wp\/v2\/posts\/18968\/revisions"}],"predecessor-version":[{"id":18969,"href":"https:\/\/www.sincomam.org.br\/index.php\/wp-json\/wp\/v2\/posts\/18968\/revisions\/18969"}],"wp:featuredmedia":[{"embeddable":true,"href":"https:\/\/www.sincomam.org.br\/index.php\/wp-json\/wp\/v2\/media\/18841"}],"wp:attachment":[{"href":"https:\/\/www.sincomam.org.br\/index.php\/wp-json\/wp\/v2\/media?parent=18968"}],"wp:term":[{"taxonomy":"category","embeddable":true,"href":"https:\/\/www.sincomam.org.br\/index.php\/wp-json\/wp\/v2\/categories?post=18968"},{"taxonomy":"post_tag","embeddable":true,"href":"https:\/\/www.sincomam.org.br\/index.php\/wp-json\/wp\/v2\/tags?post=18968"}],"curies":[{"name":"wp","href":"https:\/\/api.w.org\/{rel}","templated":true}]}}