{"id":18955,"date":"2016-03-31T00:09:34","date_gmt":"2016-03-31T03:09:34","guid":{"rendered":"http:\/\/www.sincomam.org.br\/?p=18955"},"modified":"2016-03-30T18:56:54","modified_gmt":"2016-03-30T21:56:54","slug":"katia-abreu-diz-no-twitter-que-seguira-no-governo-e-no-pmdb","status":"publish","type":"post","link":"https:\/\/www.sincomam.org.br\/index.php\/katia-abreu-diz-no-twitter-que-seguira-no-governo-e-no-pmdb\/","title":{"rendered":"K\u00e1tia Abreu diz no Twitter que seguir\u00e1 no governo e no PMDB"},"content":{"rendered":"<p>A ministra da Agricultura, K\u00e1tia Abreu, afirmou nesta quarta-feira em sua conta no Twitter que seguir\u00e1 no cargo e no PMDB, um dia depois de o partido anunciar o rompimento com o governo da presidente Dilma Rousseff\u00a0e a entrega dos cargos na administra\u00e7\u00e3o federal.<\/p>\n<p>&#8220;Continuaremos no governo e no PMDB&#8221;, escreveu a ministra, sem dar detalhes se estava se referindo aos outros cinco peemedebistas que ocupam minist\u00e9rios no governo Dilma. &#8220;Deixamos a presidente \u00e0 vontade casoela necessite de espa\u00e7o para recompor sua base&#8221;, acrescentou.<\/p>\n<p>Fonte: Exame<\/p>\n","protected":false},"excerpt":{"rendered":"<p>A ministra da Agricultura, K\u00e1tia Abreu, afirmou nesta quarta-feira em sua conta no Twitter que seguir\u00e1 no cargo e no PMDB, um dia depois de&#8230;<\/p>\n","protected":false},"author":1182,"featured_media":18956,"comment_status":"closed","ping_status":"closed","sticky":false,"template":"","format":"standard","meta":{"footnotes":""},"categories":[6],"tags":[],"class_list":["post-18955","post","type-post","status-publish","format-standard","has-post-thumbnail","hentry","category-noticias"],"_links":{"self":[{"href":"https:\/\/www.sincomam.org.br\/index.php\/wp-json\/wp\/v2\/posts\/18955","targetHints":{"allow":["GET"]}}],"collection":[{"href":"https:\/\/www.sincomam.org.br\/index.php\/wp-json\/wp\/v2\/posts"}],"about":[{"href":"https:\/\/www.sincomam.org.br\/index.php\/wp-json\/wp\/v2\/types\/post"}],"author":[{"embeddable":true,"href":"https:\/\/www.sincomam.org.br\/index.php\/wp-json\/wp\/v2\/users\/1182"}],"replies":[{"embeddable":true,"href":"https:\/\/www.sincomam.org.br\/index.php\/wp-json\/wp\/v2\/comments?post=18955"}],"version-history":[{"count":1,"href":"https:\/\/www.sincomam.org.br\/index.php\/wp-json\/wp\/v2\/posts\/18955\/revisions"}],"predecessor-version":[{"id":18957,"href":"https:\/\/www.sincomam.org.br\/index.php\/wp-json\/wp\/v2\/posts\/18955\/revisions\/18957"}],"wp:featuredmedia":[{"embeddable":true,"href":"https:\/\/www.sincomam.org.br\/index.php\/wp-json\/wp\/v2\/media\/18956"}],"wp:attachment":[{"href":"https:\/\/www.sincomam.org.br\/index.php\/wp-json\/wp\/v2\/media?parent=18955"}],"wp:term":[{"taxonomy":"category","embeddable":true,"href":"https:\/\/www.sincomam.org.br\/index.php\/wp-json\/wp\/v2\/categories?post=18955"},{"taxonomy":"post_tag","embeddable":true,"href":"https:\/\/www.sincomam.org.br\/index.php\/wp-json\/wp\/v2\/tags?post=18955"}],"curies":[{"name":"wp","href":"https:\/\/api.w.org\/{rel}","templated":true}]}}