{"id":18950,"date":"2016-03-30T00:45:13","date_gmt":"2016-03-30T03:45:13","guid":{"rendered":"http:\/\/www.sincomam.org.br\/?p=18950"},"modified":"2016-03-29T22:47:11","modified_gmt":"2016-03-30T01:47:11","slug":"tres-dos-seis-ministros-do-pmdb-querem-permanecer-no-governo","status":"publish","type":"post","link":"https:\/\/www.sincomam.org.br\/index.php\/tres-dos-seis-ministros-do-pmdb-querem-permanecer-no-governo\/","title":{"rendered":"Tr\u00eas dos seis ministros do PMDB querem permanecer no governo"},"content":{"rendered":"<p>Embora a reuni\u00e3o do diret\u00f3rio nacional do PMDB\u00a0tenha decidido nesta ter\u00e7a-feira (29) romper com o governo e entregar todos os cargos ocupados pelo partido na administra\u00e7\u00e3o federal, at\u00e9 a noite, a maioria dos seis ministros do partido ainda n\u00e3o tinha anunciado uma decis\u00e3o. Mas, segundo informou o Jornal Nacional, tr\u00eas deles permanecer\u00e3o no governo.<\/p>\n<p>O \u00fanico que j\u00e1 anunciou publicamente que n\u00e3o sair\u00e1 do governo e n\u00e3o deixar\u00e1 o partido \u2013 o que confronta com a delibera\u00e7\u00e3o do diret\u00f3rio nacional \u2013 \u00e9 Celso Pansera (Ci\u00eancia e Tecnologia), deputado pelo PMDB-RJ.<\/p>\n<p>Segundo apurou o Jornal Nacional, al\u00e9m de Pansera, Marcelo Castro (Sa\u00fade) e K\u00e1tia Abreu (Agricultura) pretendem permanecer no governo. Eduardo Braga<a class=\"premium-tip\" href=\"http:\/\/g1.globo.com\/politica\/politico\/eduardo-braga.html\">\u00a0<\/a>(Minas e Energia), Mauro Lopes (Avia\u00e7\u00e3o Civil) e Helder Barbalho\u00a0(Portos) devem sair, mas querem um prazo.<\/p>\n<p>No caso de K\u00e1tia Abreu (PMDB-TO), da Agricultura, ministra muito pr\u00f3xima da presidente Dilma Rousseff, h\u00e1 possibilidade de ela deixar o partido para permanecer no governo. Um poss\u00edvel caminho para a ministra \u00e9 voltar para o PSD, do ministro Gilberto Kassab\u00a0(Cidades), ex-prefeito de S\u00e3o Paulo.<\/p>\n<p><span class=\"premium-tip\">Henrique Alves<\/span>\u00a0deixou a pasta do Turismo nesta segunda-feira (28), um dia antes da reuni\u00e3o do diret\u00f3rio nacional do partido.<\/p>\n<p>O presidente nacional do PMDB, Michel Temer, continuar\u00e1 como vice-presidente\u00a0da Rep\u00fablica porque foi eleito na mesma chapa de Dilma Rousseff.<\/p>\n<p>Veja abaixo a situa\u00e7\u00e3o de cada um dos ministros do partido.<\/p>\n<p><strong>Celso Pansera, ministro de Ci\u00eancia e Tecnologia<\/strong><br \/>Ap\u00f3s participar de evento nesta ter\u00e7a em Salvador (BA) com secret\u00e1rios estaduais de Ci\u00eancia e Tecnologia, Pansera afirmou que permanecer\u00e1 no cargo\u00a0e, mesmo assim, n\u00e3o deixar\u00e1 o PMDB.<\/p>\n<p><strong>K\u00e1tia Abreu, ministra da Agricultura<\/strong><br \/>Segundo a assessoria, a ministra ainda n\u00e3o decidiu o que far\u00e1, mas pode ser que ela anuncie uma decis\u00e3o nesta quarta (30). Uma hip\u00f3tese \u00e9 a de ela deixar o PMDB para permanecer no governo.<\/p>\n<p><strong>Mauro Lopes, ministro da Secretaria de Avia\u00e7\u00e3o Civil<\/strong><br \/>Conforme a assessoria, o ministro, deputado federal licenciado, s\u00f3 anunciar\u00e1 sua decis\u00e3o ap\u00f3s se reunir com o vice-presidente Michel Temer, presidente nacional do PMDB, com a presidente Dilma Rousseff e com o l\u00edder do PMDB na C\u00e2mara, Leonardo Picciani (RJ). Mas a tend\u00eancia \u00e9 ele deixar o governo.<\/p>\n<p><strong>Marcelo Castro, ministro da Sa\u00fade<\/strong><br \/>Ainda n\u00e3o h\u00e1 defini\u00e7\u00e3o por parte do ministro e n\u00e3o h\u00e1 previs\u00e3o sobre quando Castro anunciar\u00e1 sua decis\u00e3o, informou a assessoria. Segundo informou o JN, ele vai permanecer.<\/p>\n<p><strong>Helder Barbalho, ministro da Secretaria de Portos<\/strong><br \/>A assessoria do ministro de Portos disse que ele ainda n\u00e3o tem uma posi\u00e7\u00e3o a respeito. De acordo com o Jornal Nacional, ele deixar\u00e1 o governo.<\/p>\n<p><strong>Eduardo Braga, ministro de Minas e Energia:<\/strong><br \/>A assessoria n\u00e3o se pronunciou sobre o assunto, mas Braga tamb\u00e9m deve sair, segundo informou o JN.<\/p>\n<p><strong>A reuni\u00e3o do diret\u00f3rio\u00a0<\/strong><br \/>Marcada h\u00e1 cerca de duas semanas pelo presidente nacional do PMDB, Michel Temer, a reuni\u00e3o do Diret\u00f3rio Nacional do partido nesta ter\u00e7a foi marcada pela rapidez. Em menos de cinco minutos ap\u00f3s o in\u00edcio, o encontro j\u00e1 havia decretado o rompimento da legenda com o Pal\u00e1cio do Planalto.<\/p>\n<p>Comandado pelo primeiro-vice-presidente do PMDB, senador Romero Juc\u00e1 (RR), o encontro ocorreu em um dos plen\u00e1rios da C\u00e2mara dos Deputados e decidiu, por aclama\u00e7\u00e3o (sem contagem de votos), que a legenda desembarcaria do governo da presidente Dilma.<\/p>\n<p>Caciques da legenda, como Temer e o presidente do Senado, Renan Calheiros (AL), n\u00e3o compareceram.<\/p>\n<p><strong>A rea\u00e7\u00e3o do governo<\/strong><br \/>No in\u00edcio da noite, o chefe de gabinete da presidente Dilma, Jaques Wagner<a href=\"http:\/\/g1.globo.com\/politica\/noticia\/2016\/03\/decisao-do-pmdb-da-chance-para-dilma-repactuar-governo-diz-wagner.html\">,<\/a>\u00a0convocou a imprensa para uma entrevista coletiva no Pal\u00e1cio do Planalto na qual avaliou que a sa\u00edda do PMDB ocorreu em \u201cboa hora\u201d \u2013 por ter sido antes da vota\u00e7\u00e3o do impeachment \u2013 e permitiu \u00e0 presidente fazer uma \u201crepactua\u00e7\u00e3o\u201d com a base aliada.<\/p>\n<p>&#8220;O governo recebe com naturalidade a decis\u00e3o interna do PMDB, agradece todo esse tempo de colabora\u00e7\u00e3o que tivemos ao longo desses cinco anos no governo da presidente Dilma, e creio que a decis\u00e3o chega numa boa hora, porque oferece \u00e0 presidente Dilma \u00f3tima oportunidade de repactuar seu governo&#8221;, disse Wagner em sua fala.<\/p>\n<p>\u2018Efeito domin\u00f3\u2019 na base<br \/>Desde os \u00faltimos dias, diante da iminente sa\u00edda do PMDB da base, integrantes da alta c\u00fapula do governo passaram a agir junto a partidos da base aliada a fim de evitar o chamado \u201cefeito domin\u00f3\u201d, causando o rompimento de mais partidos com o Pal\u00e1cio do Planalto.<\/p>\n<p>Entre as estrat\u00e9gias, informou o colunista do\u00a0<strong>G1<\/strong>\u00a0e da GloboNews Gerson Camarotti, est\u00e1 a ado\u00e7\u00e3o das negocia\u00e7\u00f5es em \u201cvarejo\u201d, por meio das quais o Planalto trata de nomea\u00e7\u00f5es em cargos e libera\u00e7\u00e3o de emendas diretamente com os parlamentares, e n\u00e3o mais com o conjunto dos partidos.<\/p>\n<p>Mas j\u00e1 nesta ter\u00e7a, por exemplo, horas ap\u00f3s o PMDB anunciar o desembarque, o PP tamb\u00e9m informou que as bancadas na C\u00e2mara e no Senado se reunir\u00e3o nesta quarta (30) para decidir se tamb\u00e9m rompem com o Pal\u00e1cio do Planalto \u2013 atualmente, a legenda tem o controle do Minist\u00e9rio da Integra\u00e7\u00e3o Nacional.<\/p>\n<p>Fonte: G1<\/p>\n","protected":false},"excerpt":{"rendered":"<p>Embora a reuni\u00e3o do diret\u00f3rio nacional do PMDB\u00a0tenha decidido nesta ter\u00e7a-feira (29) romper com o governo e entregar todos os cargos ocupados pelo partido na&#8230;<\/p>\n","protected":false},"author":1182,"featured_media":18922,"comment_status":"closed","ping_status":"closed","sticky":false,"template":"","format":"standard","meta":{"footnotes":""},"categories":[6],"tags":[],"class_list":["post-18950","post","type-post","status-publish","format-standard","has-post-thumbnail","hentry","category-noticias"],"_links":{"self":[{"href":"https:\/\/www.sincomam.org.br\/index.php\/wp-json\/wp\/v2\/posts\/18950","targetHints":{"allow":["GET"]}}],"collection":[{"href":"https:\/\/www.sincomam.org.br\/index.php\/wp-json\/wp\/v2\/posts"}],"about":[{"href":"https:\/\/www.sincomam.org.br\/index.php\/wp-json\/wp\/v2\/types\/post"}],"author":[{"embeddable":true,"href":"https:\/\/www.sincomam.org.br\/index.php\/wp-json\/wp\/v2\/users\/1182"}],"replies":[{"embeddable":true,"href":"https:\/\/www.sincomam.org.br\/index.php\/wp-json\/wp\/v2\/comments?post=18950"}],"version-history":[{"count":1,"href":"https:\/\/www.sincomam.org.br\/index.php\/wp-json\/wp\/v2\/posts\/18950\/revisions"}],"predecessor-version":[{"id":18951,"href":"https:\/\/www.sincomam.org.br\/index.php\/wp-json\/wp\/v2\/posts\/18950\/revisions\/18951"}],"wp:featuredmedia":[{"embeddable":true,"href":"https:\/\/www.sincomam.org.br\/index.php\/wp-json\/wp\/v2\/media\/18922"}],"wp:attachment":[{"href":"https:\/\/www.sincomam.org.br\/index.php\/wp-json\/wp\/v2\/media?parent=18950"}],"wp:term":[{"taxonomy":"category","embeddable":true,"href":"https:\/\/www.sincomam.org.br\/index.php\/wp-json\/wp\/v2\/categories?post=18950"},{"taxonomy":"post_tag","embeddable":true,"href":"https:\/\/www.sincomam.org.br\/index.php\/wp-json\/wp\/v2\/tags?post=18950"}],"curies":[{"name":"wp","href":"https:\/\/api.w.org\/{rel}","templated":true}]}}