{"id":18939,"date":"2016-03-30T00:15:56","date_gmt":"2016-03-30T03:15:56","guid":{"rendered":"http:\/\/www.sincomam.org.br\/?p=18939"},"modified":"2016-03-29T22:14:30","modified_gmt":"2016-03-30T01:14:30","slug":"cunha-aprova-alteracao-na-composicao-do-conselho-de-etica","status":"publish","type":"post","link":"https:\/\/www.sincomam.org.br\/index.php\/cunha-aprova-alteracao-na-composicao-do-conselho-de-etica\/","title":{"rendered":"Cunha aprova altera\u00e7\u00e3o na composi\u00e7\u00e3o do Conselho de \u00c9tica"},"content":{"rendered":"<p>A Mesa Diretora da C\u00e2mara dos Deputados, comandada pelo presidente da Casa, Eduardo Cunha<b>\u00a0<\/b>(PMDB-RJ), aprovou nesta ter\u00e7a-feira, 29, um projeto de resolu\u00e7\u00e3o que altera a composi\u00e7\u00e3o de comiss\u00f5es, inclusive a do Conselho de \u00c9tica e da Comiss\u00e3o Especial do Impeachment, de acordo com a nova composi\u00e7\u00e3o das legendas depois de encerrada a janela de trocas partid\u00e1rias.<\/p>\n<p>A resolu\u00e7\u00e3o 133\/2016 prev\u00ea o rec\u00e1lculo da proporcionalidade partid\u00e1ria na C\u00e2mara ap\u00f3s as migra\u00e7\u00f5es.\u00a0<\/p>\n<p>A medida, que ainda precisa ser aprovada em plen\u00e1rio, atinge todas as comiss\u00f5es, inclusive aquelas em que os membros s\u00e3o eleitos, como o Conselho de \u00c9tica, que pode decidir pela cassa\u00e7\u00e3o do mandato de Cunha.<\/p>\n<p>Hoje, 11 dos 21 votos do colegiado s\u00e3o contr\u00e1rios a Cunha. Tr\u00eas deputados que se op\u00f5em ao peemedebista trocaram de partidos e podem ser afetados pela resolu\u00e7\u00e3o que, se aprovada em plen\u00e1rio, &#8220;produzir\u00e1 efeitos imediatos sobre todos os \u00f3rg\u00e3os da C\u00e2mara dos Deputados&#8221;.\u00a0<\/p>\n<p>O texto prev\u00ea ainda a interrup\u00e7\u00e3o de mandatos em curso, caso do conselho.<\/p>\n<p>Trocaram de partido o presidente do conselho, Jos\u00e9 Carlo Ara\u00fajo, que foi do PSD para o PR; Fausto Pinato trocou o PRB pelo DEM; Ricardo Izar trocou o PSD pelo PP.<\/p>\n<p>Partidos de oposi\u00e7\u00e3o pretendem apresentar emenda para impedir altera\u00e7\u00f5es no Conselho de \u00c9tica. &#8220;N\u00e3o aceitamos votar o projeto de resolu\u00e7\u00e3o da forma como ele se encontra.\u00a0<\/p>\n<p>N\u00e3o aceitamos mudan\u00e7as no Conselho de \u00c9tica. O conselho foi eleito. N\u00e3o aceitamos qualquer mudan\u00e7a l\u00e1&#8221;, afirmou o l\u00edder do DEM, Pauderney Avelino (AM).<\/p>\n<p>Cunha disse entender que a resolu\u00e7\u00e3o n\u00e3o atinge o Conselho de \u00c9tica porque o colegiado tem suas pr\u00f3prias regras. &#8220;N\u00e3o \u00e9 a interpreta\u00e7\u00e3o que est\u00e1 se dando.<\/p>\n<p>Voc\u00ea est\u00e1 colocando aquilo que j\u00e1 est\u00e1 previsto no regimento. O Conselho de \u00c9tica tem um outro tipo de previs\u00e3o expressa&#8221;, afirmou.<\/p>\n<p>Fonte: Exame<\/p>\n","protected":false},"excerpt":{"rendered":"<p>A Mesa Diretora da C\u00e2mara dos Deputados, comandada pelo presidente da Casa, Eduardo Cunha\u00a0(PMDB-RJ), aprovou nesta ter\u00e7a-feira, 29, um projeto de resolu\u00e7\u00e3o que altera a&#8230;<\/p>\n","protected":false},"author":1182,"featured_media":18249,"comment_status":"closed","ping_status":"closed","sticky":false,"template":"","format":"standard","meta":{"footnotes":""},"categories":[6],"tags":[],"class_list":["post-18939","post","type-post","status-publish","format-standard","has-post-thumbnail","hentry","category-noticias"],"_links":{"self":[{"href":"https:\/\/www.sincomam.org.br\/index.php\/wp-json\/wp\/v2\/posts\/18939","targetHints":{"allow":["GET"]}}],"collection":[{"href":"https:\/\/www.sincomam.org.br\/index.php\/wp-json\/wp\/v2\/posts"}],"about":[{"href":"https:\/\/www.sincomam.org.br\/index.php\/wp-json\/wp\/v2\/types\/post"}],"author":[{"embeddable":true,"href":"https:\/\/www.sincomam.org.br\/index.php\/wp-json\/wp\/v2\/users\/1182"}],"replies":[{"embeddable":true,"href":"https:\/\/www.sincomam.org.br\/index.php\/wp-json\/wp\/v2\/comments?post=18939"}],"version-history":[{"count":1,"href":"https:\/\/www.sincomam.org.br\/index.php\/wp-json\/wp\/v2\/posts\/18939\/revisions"}],"predecessor-version":[{"id":18940,"href":"https:\/\/www.sincomam.org.br\/index.php\/wp-json\/wp\/v2\/posts\/18939\/revisions\/18940"}],"wp:featuredmedia":[{"embeddable":true,"href":"https:\/\/www.sincomam.org.br\/index.php\/wp-json\/wp\/v2\/media\/18249"}],"wp:attachment":[{"href":"https:\/\/www.sincomam.org.br\/index.php\/wp-json\/wp\/v2\/media?parent=18939"}],"wp:term":[{"taxonomy":"category","embeddable":true,"href":"https:\/\/www.sincomam.org.br\/index.php\/wp-json\/wp\/v2\/categories?post=18939"},{"taxonomy":"post_tag","embeddable":true,"href":"https:\/\/www.sincomam.org.br\/index.php\/wp-json\/wp\/v2\/tags?post=18939"}],"curies":[{"name":"wp","href":"https:\/\/api.w.org\/{rel}","templated":true}]}}