{"id":18937,"date":"2016-03-30T00:11:40","date_gmt":"2016-03-30T03:11:40","guid":{"rendered":"http:\/\/www.sincomam.org.br\/?p=18937"},"modified":"2016-03-29T22:12:46","modified_gmt":"2016-03-30T01:12:46","slug":"divulgacao-de-audios-nao-teve-motivacao-politica-diz-moro","status":"publish","type":"post","link":"https:\/\/www.sincomam.org.br\/index.php\/divulgacao-de-audios-nao-teve-motivacao-politica-diz-moro\/","title":{"rendered":"Divulga\u00e7\u00e3o de \u00e1udios n\u00e3o teve motiva\u00e7\u00e3o pol\u00edtica, diz Moro"},"content":{"rendered":"<p>Em of\u00edcio ao Supremo Tribunal Federal (STF), o juiz S\u00e9rgio Moro, que conduz a Lava Jato na 13\u00aa Vara Federal de Curitiba, pediu &#8220;escusas&#8221; \u00e0 Corte e disse que a divulga\u00e7\u00e3o de \u00e1udios do ex-presidente Luiz In\u00e1cio Lula da Silva n\u00e3o teve intuito &#8220;pol\u00edtico-partid\u00e1rio&#8221;.\u00a0<\/p>\n<p>A manifesta\u00e7\u00e3o foi encaminhada ao ministro Teori Zavascki, que solicitou esclarecimentos a Moro ao determinar a remessa de todo o material das conversas de Lula<strong>\u00a0<\/strong>ao Supremo.<\/p>\n<p>&#8220;O levantamento do sigilo n\u00e3o teve por objetivo gerar fato pol\u00edtico partid\u00e1rio, pol\u00eamicas ou conflitos, algo estranho \u00e0 fun\u00e7\u00e3o jurisdicional, mas, atendendo ao requerimento do MPF, dar publicidade ao processo e especialmente a condutas relevantes do ponto de vista jur\u00eddico e criminal do investigado do ex-presidente Luiz In\u00e1cio Lula da Silva que podem eventualmente caracterizar obstru\u00e7\u00e3o \u00e0 Justi\u00e7a ou tentativas de obstru\u00e7\u00e3o \u00e0 Justi\u00e7a&#8221;, escreveu o juiz.<\/p>\n<p>Na pe\u00e7a, Moro admite que pode ter &#8220;se equivocado em seu entendimento jur\u00eddico&#8221; ao dar publicidade ao material, mas comenta cada uma das grava\u00e7\u00f5es divulgadas e justifica sua decis\u00e3o.\u00a0<\/p>\n<p>&#8220;Ainda que este julgador tenha se equivocado em seu entendimento jur\u00eddico e admito, \u00e0 luz da controv\u00e9rsia ent\u00e3o instaurada que isso pode ter ocorrido, jamais, por\u00e9m, foi a inten\u00e7\u00e3o desse julgador, ao proferir a aludida decis\u00e3o de 16\/03, provocar pol\u00eamicas, conflitos ou provocar constrangimentos, e, por eles, renovo minhas respeitosas escusas a este Egr\u00e9gio Supremo Tribunal Federal&#8221;, escreveu Moro.<\/p>\n<p>Em 31 p\u00e1ginas, Moro argumenta que a intercepta\u00e7\u00e3o telef\u00f4nica estava amparada na lei e tinha &#8220;foco exclusivo&#8221; nas condutas de Lula e outras pessoas que n\u00e3o possuem foro privilegiado.\u00a0<\/p>\n<p>Segundo o juiz, os di\u00e1logos do ex-presidente com autoridades que possuem foro privilegiado, como a presidente Dilma Rousseff, foram &#8220;colhidos fortuitamente&#8221;.\u00a0<\/p>\n<p>A divulga\u00e7\u00e3o, segundo ele, s\u00f3 foi feita com rela\u00e7\u00e3o ao material que possui conte\u00fado &#8220;jur\u00eddico-criminal relevante&#8221; por revelarem tentativas de Lula obstruir a justi\u00e7a.\u00a0<\/p>\n<p>Moro argumenta ainda que n\u00e3o h\u00e1 provas de que qualquer autoridade com foro privilegiado grampeada nas conversas tenha atendido solicita\u00e7\u00e3o do petista para interceder junto \u00e0 Justi\u00e7a.<\/p>\n<p>Ele diz ter agido, na condu\u00e7\u00e3o dos processos sobre a Lava Jato, &#8220;em geral, com cautela e prud\u00eancia&#8221; e informa o STF que n\u00e3o havia qualquer pedido de decreta\u00e7\u00e3o de pris\u00e3o cautelar de Lula &#8220;mesmo no caso envolvendo o ex-Presidente, apesar de todo esse contexto acima exposto, de aparente intimida\u00e7\u00e3o, obstru\u00e7\u00e3o e tentativas de influenciar indevidamente magistrados&#8221;.<\/p>\n<p>Na quinta-feira, o plen\u00e1rio do Supremo Tribunal Federal deve analisar a decis\u00e3o de Teori Zavascki que ordenou que Moro remetesse o material \u00e0 Corte.\u00a0<\/p>\n<p>Ontem, o procurador-geral da Rep\u00fablica, Rodrigo Janot, encaminhou parecer ao STF na qual alega que a posse de Lula na Casa Civil \u00e9 v\u00e1lida, mas pede a manuten\u00e7\u00e3o das investiga\u00e7\u00f5es com Moro.<\/p>\n<p>&#8220;Entendeu este Ju\u00edzo que, nesse contexto, o pedido do MPF de levantamento do sigilo do processo se justificava exatamente para prevenir novas condutas do ex-Presidente para obstruir a Justi\u00e7a, influenciar indevidamente magistrados ou intimidar os respons\u00e1veis pelos processos atinentes ao esquema criminoso da Petrobras&#8221;, escreveu Moro.\u00a0<\/p>\n<p>O juiz informou a Zavascki que \u00e9 praxe levantar o sigilo sobre intercepta\u00e7\u00f5es telef\u00f4nicas ap\u00f3s o encerramento das dilig\u00eancias, para garantir publicidade ao processo.<\/p>\n<p><b>Dilma<\/b><\/p>\n<p>Ao Supremo, Moro afirmou que n\u00e3o h\u00e1 indicativos de que as autoridades com foro privilegiado que aparecem em conversas com Lula &#8211; como a presidente Dilma Rousseff e o ministro da Fazenda, Nelson Barbosa &#8211; tenham concordado com tentativas do ex-presidente de obter influ\u00eancia junto \u00e0 Justi\u00e7a.<\/p>\n<p>O juiz afirmou que o foco da investiga\u00e7\u00e3o era o ex-presidente da Rep\u00fablica e disse que &#8220;n\u00e3o parece que era t\u00e3o \u00f3bvio assim&#8221; que o di\u00e1logo com Dilma poderia ser relevante juridicamente para a presidente.\u00a0<\/p>\n<p>Na conversa, a presidente diz a Lula que enviaria o termo de posse como ministro da Casa Civil antes da cerim\u00f4nia na qual o petista assumiria o cargo.<\/p>\n<p>&#8220;Quanto ao conte\u00fado, da mesma forma que os demais, entendeu este julgador que ele tinha relev\u00e2ncia jur\u00eddico-criminal para o ex-Presidente, j\u00e1 que presente a apura\u00e7\u00e3o se a aceita\u00e7\u00e3o por ele do cargo de Ministro Chefe da Casa Civil teria por objetivo obter prote\u00e7\u00e3o jur\u00eddica contra as investiga\u00e7\u00f5es. Considerando que a investiga\u00e7\u00e3o tinha por foco condutas supostamente criminais do ex-Presidente e o conte\u00fado, na perspectiva criminal, juridicamente relevante do di\u00e1logo para ele, entendi que n\u00e3o haveria \u00f3bice na intercepta\u00e7\u00e3o e no levantamento do sigilo. No momento, de fato, n\u00e3o percebidos eventuais e poss\u00edveis reflexos para a pr\u00f3pria Exma. Presidenta da Rep\u00fablica&#8221;, escreveu Moro.<\/p>\n<p><b>Mais di\u00e1logos<\/b><\/p>\n<p>Moro informou ao STF que h\u00e1 uma &#8220;quantidade bem maior de di\u00e1logos interceptados&#8221; e que n\u00e3o foram divulgados e permanecem em sigilo.\u00a0<\/p>\n<p>O material ser\u00e1 remetido &#8220;em m\u00e3os e com as cautelas devidas&#8221; ao STF, segundo o juiz. &#8220;N\u00e3o seria correto, portanto, afirmar que os di\u00e1logos foram juntados ao processo sem o maior cuidado&#8221;, escreveu Moro.\u00a0<\/p>\n<p>Constam nestes \u00e1udios, segundo o juiz, conversas com outro advogado que n\u00e3o \u00e9 investigado, al\u00e9m de conversas de &#8220;\u00edndole eminentemente privada&#8221;.<\/p>\n<p>Sobre a intercepta\u00e7\u00e3o de Roberto Teixeira, advogado de Lula, Moro justifica que ele \u00e9 supostamente investigado por participar do processo de compra do s\u00edtio de Atibaia.\u00a0<\/p>\n<p>&#8220;Se o advogado se envolve em condutas criminais, no caso suposta lavagem de dinheiro por auxiliar o ex-Presidente na aquisi\u00e7\u00e3o com pessoas interpostas do s\u00edtio em Atibaia, n\u00e3o h\u00e1 imunidade \u00e0 investiga\u00e7\u00e3o a ser preservada, nem quanto \u00e0 comunica\u00e7\u00e3o dele com seu cliente tamb\u00e9m investigado&#8221;, escreveu o juiz.<\/p>\n","protected":false},"excerpt":{"rendered":"<p>Em of\u00edcio ao Supremo Tribunal Federal (STF), o juiz S\u00e9rgio Moro, que conduz a Lava Jato na 13\u00aa Vara Federal de Curitiba, pediu &#8220;escusas&#8221; \u00e0&#8230;<\/p>\n","protected":false},"author":1182,"featured_media":18841,"comment_status":"closed","ping_status":"closed","sticky":false,"template":"","format":"standard","meta":{"footnotes":""},"categories":[6],"tags":[],"class_list":["post-18937","post","type-post","status-publish","format-standard","has-post-thumbnail","hentry","category-noticias"],"_links":{"self":[{"href":"https:\/\/www.sincomam.org.br\/index.php\/wp-json\/wp\/v2\/posts\/18937","targetHints":{"allow":["GET"]}}],"collection":[{"href":"https:\/\/www.sincomam.org.br\/index.php\/wp-json\/wp\/v2\/posts"}],"about":[{"href":"https:\/\/www.sincomam.org.br\/index.php\/wp-json\/wp\/v2\/types\/post"}],"author":[{"embeddable":true,"href":"https:\/\/www.sincomam.org.br\/index.php\/wp-json\/wp\/v2\/users\/1182"}],"replies":[{"embeddable":true,"href":"https:\/\/www.sincomam.org.br\/index.php\/wp-json\/wp\/v2\/comments?post=18937"}],"version-history":[{"count":1,"href":"https:\/\/www.sincomam.org.br\/index.php\/wp-json\/wp\/v2\/posts\/18937\/revisions"}],"predecessor-version":[{"id":18938,"href":"https:\/\/www.sincomam.org.br\/index.php\/wp-json\/wp\/v2\/posts\/18937\/revisions\/18938"}],"wp:featuredmedia":[{"embeddable":true,"href":"https:\/\/www.sincomam.org.br\/index.php\/wp-json\/wp\/v2\/media\/18841"}],"wp:attachment":[{"href":"https:\/\/www.sincomam.org.br\/index.php\/wp-json\/wp\/v2\/media?parent=18937"}],"wp:term":[{"taxonomy":"category","embeddable":true,"href":"https:\/\/www.sincomam.org.br\/index.php\/wp-json\/wp\/v2\/categories?post=18937"},{"taxonomy":"post_tag","embeddable":true,"href":"https:\/\/www.sincomam.org.br\/index.php\/wp-json\/wp\/v2\/tags?post=18937"}],"curies":[{"name":"wp","href":"https:\/\/api.w.org\/{rel}","templated":true}]}}