{"id":18921,"date":"2016-03-29T00:25:39","date_gmt":"2016-03-29T03:25:39","guid":{"rendered":"http:\/\/www.sincomam.org.br\/?p=18921"},"modified":"2016-03-28T20:29:53","modified_gmt":"2016-03-28T23:29:53","slug":"temer-diz-a-lula-que-pmdb-esta-fora-do-governo","status":"publish","type":"post","link":"https:\/\/www.sincomam.org.br\/index.php\/temer-diz-a-lula-que-pmdb-esta-fora-do-governo\/","title":{"rendered":"Temer diz a Lula que PMDB est\u00e1 fora do governo"},"content":{"rendered":"<p>Em conversa com o ex-presidente Luiz In\u00e1cio Lula da Silva no final da tarde de domingo, 27, em S\u00e3o Paulo, o vice-presidente Michel Temer descartou a possibilidade de que o PMDB continue no governo Dilma Rousseff.\u00a0<\/p>\n<p>Segundo interlocutores do petista, Temer teria dito que o processo de afastamento est\u00e1 muito adiantado nas bases do partido e \u00e9 praticamente certo que o PMDB decida nesta ter\u00e7a-feira, 29, pelo desembarque.<\/p>\n<p>Nesta segunda-feira, 28, em entrevista a ve\u00edculos de imprensa estrangeiros, tamb\u00e9m em S\u00e3o Paulo, Lula deu como certa a sa\u00edda do PMDB do governo.\u00a0<\/p>\n<p>Segundo o ex-presidente, a estrat\u00e9gia para barrar o impeachment de Dilma a partir de agora \u00e9 atrair setores do partido \u00e0 revelia da dire\u00e7\u00e3o peemedebista, a exemplo do que aconteceu em 2003, quando integrantes do PMDB assumiram postos no primeiro governo Lula sem que a sigla tivesse aderido formalmente.<\/p>\n<p>&#8220;Vai acontecer o que aconteceu em 2003 e vamos ter uma esp\u00e9cie de coaliz\u00e3o sem a concord\u00e2ncia da dire\u00e7\u00e3o. N\u00e3o sei se \u00e9 poss\u00edvel mas acho que \u00e9&#8221;, disse Lula.<\/p>\n<p>De acordo com ele, os sete ministros peemedebistas disseram que n\u00e3o v\u00e3o deixar os cargos, independentemente da decis\u00e3o da dire\u00e7\u00e3o na reuni\u00e3o de amanh\u00e3, e v\u00e3o ajudar nas articula\u00e7\u00f5es para manter setores do partido contra o impeachment.<\/p>\n<p>&#8220;Pelo que estou sabendo, os ministros do PMDB n\u00e3o sair\u00e3o. Vou conversar com muita gente do PMDB&#8221;, disse Lula aos jornalistas estrangeiros.<\/p>\n<p>No meio da tarde, o ex-presidente viajou para Bras\u00edlia acompanhado do presidente do PT, Rui Falc\u00e3o, para uma s\u00e9rie de conversas com parlamentares de v\u00e1rios partidos, principalmente do PMDB. O petista incluiu Temer entre as futuras conversas, mas um novo encontro n\u00e3o foi agendado.<\/p>\n<p>Segundo interlocutores de Lula, a d\u00favida do governo agora \u00e9 quanto ao tamanho da ala peemedebista que vai abandonar Dilma.\u00a0<\/p>\n<p>Lula e o PT v\u00e3o agir para evitar que a reuni\u00e3o desta ter\u00e7a-feira reforce a ideia de que Temer est\u00e1 passando um rolo compressor sobre o PMDB e arraste consigo partidos menores que ainda se mant\u00e9m fi\u00e9is ao governo.<\/p>\n<p>Fonte: Exame<\/p>\n","protected":false},"excerpt":{"rendered":"<p>Em conversa com o ex-presidente Luiz In\u00e1cio Lula da Silva no final da tarde de domingo, 27, em S\u00e3o Paulo, o vice-presidente Michel Temer descartou&#8230;<\/p>\n","protected":false},"author":1182,"featured_media":18922,"comment_status":"closed","ping_status":"closed","sticky":false,"template":"","format":"standard","meta":{"footnotes":""},"categories":[6],"tags":[],"class_list":["post-18921","post","type-post","status-publish","format-standard","has-post-thumbnail","hentry","category-noticias"],"_links":{"self":[{"href":"https:\/\/www.sincomam.org.br\/index.php\/wp-json\/wp\/v2\/posts\/18921","targetHints":{"allow":["GET"]}}],"collection":[{"href":"https:\/\/www.sincomam.org.br\/index.php\/wp-json\/wp\/v2\/posts"}],"about":[{"href":"https:\/\/www.sincomam.org.br\/index.php\/wp-json\/wp\/v2\/types\/post"}],"author":[{"embeddable":true,"href":"https:\/\/www.sincomam.org.br\/index.php\/wp-json\/wp\/v2\/users\/1182"}],"replies":[{"embeddable":true,"href":"https:\/\/www.sincomam.org.br\/index.php\/wp-json\/wp\/v2\/comments?post=18921"}],"version-history":[{"count":1,"href":"https:\/\/www.sincomam.org.br\/index.php\/wp-json\/wp\/v2\/posts\/18921\/revisions"}],"predecessor-version":[{"id":18923,"href":"https:\/\/www.sincomam.org.br\/index.php\/wp-json\/wp\/v2\/posts\/18921\/revisions\/18923"}],"wp:featuredmedia":[{"embeddable":true,"href":"https:\/\/www.sincomam.org.br\/index.php\/wp-json\/wp\/v2\/media\/18922"}],"wp:attachment":[{"href":"https:\/\/www.sincomam.org.br\/index.php\/wp-json\/wp\/v2\/media?parent=18921"}],"wp:term":[{"taxonomy":"category","embeddable":true,"href":"https:\/\/www.sincomam.org.br\/index.php\/wp-json\/wp\/v2\/categories?post=18921"},{"taxonomy":"post_tag","embeddable":true,"href":"https:\/\/www.sincomam.org.br\/index.php\/wp-json\/wp\/v2\/tags?post=18921"}],"curies":[{"name":"wp","href":"https:\/\/api.w.org\/{rel}","templated":true}]}}