{"id":18915,"date":"2016-03-29T00:17:50","date_gmt":"2016-03-29T03:17:50","guid":{"rendered":"http:\/\/www.sincomam.org.br\/?p=18915"},"modified":"2016-03-28T20:19:55","modified_gmt":"2016-03-28T23:19:55","slug":"fazenda-ve-queda-de-31-do-pib-em-2016-e-alta-de-1-em-2017","status":"publish","type":"post","link":"https:\/\/www.sincomam.org.br\/index.php\/fazenda-ve-queda-de-31-do-pib-em-2016-e-alta-de-1-em-2017\/","title":{"rendered":"Fazenda v\u00ea queda de 3,1% do PIB em 2016 e alta de 1% em 2017"},"content":{"rendered":"<p>O Minist\u00e9rio da Fazenda\u00a0previu que o Produto Interno Bruto (PIB) ter\u00e1 um recuo de 3,1 por cento neste ano, ligeiramente pior que o estimado anteriormente, mas ainda mais otimista que a leitura de mercado.\u00a0<\/p>\n<p>A nova expectativa est\u00e1 em anexo do projeto que prop\u00f5e altera\u00e7\u00e3o da meta fiscal deste ano, enviado nesta segunda-feira ao Congresso Nacional. H\u00e1 menos de uma semana, a pasta havia divulgado que via contra\u00e7\u00e3o de 3,05 por cento da economia neste ano, em seu relat\u00f3rio de receitas e despesas do 1o bimestre.<\/p>\n<p>Para 2017, a previs\u00e3o \u00e9 de alta de 1,0 por cento do PIB, seguida por nova expans\u00e3o de 2,9 por cento em 2018.<\/p>\n<p>Os n\u00fameros contrastam com os de economistas, que veem, segundo levantamento Focus mais recente divulgado pelo Banco Central, uma queda na atividade econ\u00f4mica de 3,66 por cento em 2016. Para 2017 e 2018, a perspectiva \u00e9 de um crescimento bem mais modesto, de 0,35 por cento e 1,50 por cento, respectivamente.<\/p>\n<p>Em rela\u00e7\u00e3o \u00e0 infla\u00e7\u00e3o, a Fazenda manteve a proje\u00e7\u00e3o de alta de 7,44 por cento este ano, vendo aumento de 6 por cento em 2017. Para 2018, a expectativa \u00e9 que o avan\u00e7o de pre\u00e7os dom\u00e9sticos v\u00e1 ficar em 5,44 por cento. Em todos os anos, os percentuais s\u00e3o mais alinhados com os do mercado. Economistas, tamb\u00e9m segundo o Focus, apontam infla\u00e7\u00e3o de 7,31 por cento em 2016, de 6 por cento em 2017 e de 5,41 por cento em 2018.<\/p>\n<p>Eles diferem, contudo, do compromisso que vem sendo martelado pelo BC, de terminar 2016 com a infla\u00e7\u00e3o dentro do limite da meta, fazendo-a convergir para o centro da meta de 4,5 por cento em 2017.\u00a0<\/p>\n<p>Neste ano, a banda de toler\u00e2ncia para a infla\u00e7\u00e3o \u00e9 de 2 pontos percentuais para mais ou para menos, caindo a 1,5 ponto percentual no ano que vem.\u00a0<\/p>\n<p>O cen\u00e1rio macroecon\u00f4mico de refer\u00eancia tra\u00e7ado pela Fazenda considera ainda uma Selic de 14,25 por cento ao final de 2016, patamar atual da taxa b\u00e1sica de juros, que segue inalterado desde julho de 2015.\u00a0<\/p>\n<p>Segundo a Fazenda, os juros devem cair a 12,75 por cento ao final de 2017, cedendo mais um pouco em 2018, a 11,50 por cento ao ano.\u00a0<\/p>\n<p>Em rela\u00e7\u00e3o ao c\u00e2mbio, a expectativa da Fazenda \u00e9 de um d\u00f3lar a 4,36 reais ao final de 2016, 4,40 reais ao fim de 2017 e 4,33 reais ao fim de 2018.<\/p>\n<p>Fonte: Exame<\/p>\n","protected":false},"excerpt":{"rendered":"<p>O Minist\u00e9rio da Fazenda\u00a0previu que o Produto Interno Bruto (PIB) ter\u00e1 um recuo de 3,1 por cento neste ano, ligeiramente pior que o estimado anteriormente,&#8230;<\/p>\n","protected":false},"author":1182,"featured_media":18916,"comment_status":"closed","ping_status":"closed","sticky":false,"template":"","format":"standard","meta":{"footnotes":""},"categories":[6],"tags":[],"class_list":["post-18915","post","type-post","status-publish","format-standard","has-post-thumbnail","hentry","category-noticias"],"_links":{"self":[{"href":"https:\/\/www.sincomam.org.br\/index.php\/wp-json\/wp\/v2\/posts\/18915","targetHints":{"allow":["GET"]}}],"collection":[{"href":"https:\/\/www.sincomam.org.br\/index.php\/wp-json\/wp\/v2\/posts"}],"about":[{"href":"https:\/\/www.sincomam.org.br\/index.php\/wp-json\/wp\/v2\/types\/post"}],"author":[{"embeddable":true,"href":"https:\/\/www.sincomam.org.br\/index.php\/wp-json\/wp\/v2\/users\/1182"}],"replies":[{"embeddable":true,"href":"https:\/\/www.sincomam.org.br\/index.php\/wp-json\/wp\/v2\/comments?post=18915"}],"version-history":[{"count":1,"href":"https:\/\/www.sincomam.org.br\/index.php\/wp-json\/wp\/v2\/posts\/18915\/revisions"}],"predecessor-version":[{"id":18917,"href":"https:\/\/www.sincomam.org.br\/index.php\/wp-json\/wp\/v2\/posts\/18915\/revisions\/18917"}],"wp:featuredmedia":[{"embeddable":true,"href":"https:\/\/www.sincomam.org.br\/index.php\/wp-json\/wp\/v2\/media\/18916"}],"wp:attachment":[{"href":"https:\/\/www.sincomam.org.br\/index.php\/wp-json\/wp\/v2\/media?parent=18915"}],"wp:term":[{"taxonomy":"category","embeddable":true,"href":"https:\/\/www.sincomam.org.br\/index.php\/wp-json\/wp\/v2\/categories?post=18915"},{"taxonomy":"post_tag","embeddable":true,"href":"https:\/\/www.sincomam.org.br\/index.php\/wp-json\/wp\/v2\/tags?post=18915"}],"curies":[{"name":"wp","href":"https:\/\/api.w.org\/{rel}","templated":true}]}}