{"id":18901,"date":"2016-03-28T00:00:33","date_gmt":"2016-03-28T03:00:33","guid":{"rendered":"http:\/\/www.sincomam.org.br\/?p=18901"},"modified":"2016-03-27T20:05:39","modified_gmt":"2016-03-27T23:05:39","slug":"com-apoio-do-congresso-economia-se-estabiliza-neste-ano-diz-barbosa","status":"publish","type":"post","link":"https:\/\/www.sincomam.org.br\/index.php\/com-apoio-do-congresso-economia-se-estabiliza-neste-ano-diz-barbosa\/","title":{"rendered":"Com apoio do Congresso, economia se estabiliza neste ano, diz Barbosa"},"content":{"rendered":"<p><span>O ministro da Fazenda, Nelson Barbosa, afirmou que todas as coisas que o governo precisa fazer nesse momento para reativar a economia brasileira envolvem autoriza\u00e7\u00e3o do Congresso Nacional. &#8220;Se o Congresso Nacional nos der os instrumentos, vamos estabilizar a economia ainda neste ano&#8221;, declarou ele, em entrevista \u00e0 NBR.<\/span><\/p>\n<p><span><span>A equipe econ\u00f4mica enviou uma s\u00e9rie de medidas ao Congresso Nacional nos \u00faltimos meses e informou que pretende encaminhar outras nos pr\u00f3ximos dias. Para equilibrar as contas p\u00fablicas, prop\u00f4s o retorno da Contribui\u00e7\u00e3o Provis\u00f3ria Sobre Movimenta\u00e7\u00e3o Financeira (CPMF), que tem estimativa, na pe\u00e7a or\u00e7ament\u00e1ria, de arrecadar R$ 10 bilh\u00f5es neste ano, embora ainda n\u00e3o tenha sido aprovada. Tamb\u00e9m foi proposta a prorroga\u00e7\u00e3o da DRU (Desvincula\u00e7\u00e3o de Receitas da Uni\u00e3o) \u2013 que permite gastar livremente uma parcela do or\u00e7amento.<br \/><\/span><\/span><\/p>\n<p>&#8220;Quanto eu falo se estabilizar, \u00e9 que o n\u00edvel de emprego e de renda parem de cair. Ent\u00e3o, acho que at\u00e9 agosto e setembro a economia j\u00e1 se estabilizou. E a partir de outubro volte a crescer. A economia pode voltar a crescer j\u00e1 ao final do ano, iniciando esse ciclo virtuoso de crescimento&#8221;, acrescentou Nelson Barbosa.<\/p>\n<p>Segundo ele, para que o crescimento ocorra e seja &#8220;duradouro&#8221;, \u00e9 preciso uma maior previsibilidade, confian\u00e7a e isso envolve controlar a infla\u00e7\u00e3o e restabelecer equil\u00edbrio nas finan\u00e7as p\u00fablicas.<\/p>\n<p><strong>Propostas do governo<\/strong><br \/>Nelson Barbosa \u00a0entregou ao Congresso o projeto de lei que estende o prazo de pagamento das d\u00edvidas dos estados com a Uni\u00e3o por mais 20 anos. A inten\u00e7\u00e3o \u00e9 aliviar as contas dos governos estaduais e estimular a economia.O governo tamb\u00e9m prop\u00f5e uma reforma fiscal de longo prazo e um mecanismo que, em momentos de fraco crescimento, &#8220;blinda&#8221; dos cortes aqueles gastos considerados essenciais \u2013 al\u00e9m de um mecanismo para que o Banco Central possa receber reservas banc\u00e1rias, o que reduziria a d\u00edvida p\u00fablica. Informou que vai enviar ainda um projeto para permitir um rombo de at\u00e9 R$ 96 bilh\u00f5es em suas contas neste ano.<\/p>\n<p>&#8220;Achamos que essas medidas podem ser aprovadas no prazo de um m\u00eas a um m\u00eas e meio, ou at\u00e9 antes. Os parlamentares se mostraram dispostos a come\u00e7ar an\u00e1lise e vota\u00e7\u00e3o de alguns itens na pr\u00f3xima semana. A expectativa \u00e9 positiva para que seja aprovada no m\u00e1ximo em um m\u00eas e meio&#8221;, declarou o ministro da Fazenda.<\/p>\n<p>Ele avaliou que, se h\u00e1 incerteza pol\u00edtica, isso contribui negativamente para as expectativas das fam\u00edlias e das empresas. &#8220;Se a gente conseguir estabilizar tamb\u00e9m a situa\u00e7\u00e3o politica, a recupera\u00e7\u00e3o econ\u00f4mica \u00e9 mais r\u00e1pida, o que ajuda a diminuir a temperatura e a polariza\u00e7\u00e3o do debate pol\u00edtico. O debate politico mais civilizado e educado tamb\u00e9m ajuda muito a economia. Um debate em que todo mundo grita e ningu\u00e9m ouve ningu\u00e9m n\u00e3o vai resolver problema nenhum&#8221;, declarou.<\/p>\n<p>Segundo o ministro, \u00e9 preciso autoriza\u00e7\u00e3o do Congresso Nacional para manter alguns programas e investimentos em um momento de queda da receita. &#8220;Para que possamos atuar com algumas medidas de cr\u00e9dito, n\u00f3s precisamos de autoriza\u00e7\u00e3o do Congresso Nacional para fazer isso. Ent\u00e3o, como em qualquer democracia avan\u00e7ada, o Congresso Nacional tem um papel importante&#8221;, disse.<\/p>\n<p>Nelson Barbosa afirmou ainda que espera uma queda da infla\u00e7\u00e3o. &#8220;Os indicadores de infla\u00e7\u00e3o t\u00eam vindo mais favor\u00e1veis do que o mercado esperava. Haver\u00e1 uma redu\u00e7\u00e3o da infla\u00e7\u00e3o, j\u00e1 est\u00e1 em curso e deve ganhar for\u00e7a. A infla\u00e7\u00e3o deve cair mais rapidamente no meio do ano&#8221;, declarou.<\/p>\n<p>Fonte: G1<\/p>\n","protected":false},"excerpt":{"rendered":"<p>O ministro da Fazenda, Nelson Barbosa, afirmou que todas as coisas que o governo precisa fazer nesse momento para reativar a economia brasileira envolvem autoriza\u00e7\u00e3o&#8230;<\/p>\n","protected":false},"author":1182,"featured_media":18713,"comment_status":"closed","ping_status":"closed","sticky":false,"template":"","format":"standard","meta":{"footnotes":""},"categories":[6],"tags":[],"class_list":["post-18901","post","type-post","status-publish","format-standard","has-post-thumbnail","hentry","category-noticias"],"_links":{"self":[{"href":"https:\/\/www.sincomam.org.br\/index.php\/wp-json\/wp\/v2\/posts\/18901","targetHints":{"allow":["GET"]}}],"collection":[{"href":"https:\/\/www.sincomam.org.br\/index.php\/wp-json\/wp\/v2\/posts"}],"about":[{"href":"https:\/\/www.sincomam.org.br\/index.php\/wp-json\/wp\/v2\/types\/post"}],"author":[{"embeddable":true,"href":"https:\/\/www.sincomam.org.br\/index.php\/wp-json\/wp\/v2\/users\/1182"}],"replies":[{"embeddable":true,"href":"https:\/\/www.sincomam.org.br\/index.php\/wp-json\/wp\/v2\/comments?post=18901"}],"version-history":[{"count":1,"href":"https:\/\/www.sincomam.org.br\/index.php\/wp-json\/wp\/v2\/posts\/18901\/revisions"}],"predecessor-version":[{"id":18902,"href":"https:\/\/www.sincomam.org.br\/index.php\/wp-json\/wp\/v2\/posts\/18901\/revisions\/18902"}],"wp:featuredmedia":[{"embeddable":true,"href":"https:\/\/www.sincomam.org.br\/index.php\/wp-json\/wp\/v2\/media\/18713"}],"wp:attachment":[{"href":"https:\/\/www.sincomam.org.br\/index.php\/wp-json\/wp\/v2\/media?parent=18901"}],"wp:term":[{"taxonomy":"category","embeddable":true,"href":"https:\/\/www.sincomam.org.br\/index.php\/wp-json\/wp\/v2\/categories?post=18901"},{"taxonomy":"post_tag","embeddable":true,"href":"https:\/\/www.sincomam.org.br\/index.php\/wp-json\/wp\/v2\/tags?post=18901"}],"curies":[{"name":"wp","href":"https:\/\/api.w.org\/{rel}","templated":true}]}}