{"id":18889,"date":"2016-03-28T00:05:26","date_gmt":"2016-03-28T03:05:26","guid":{"rendered":"http:\/\/www.sincomam.org.br\/?p=18889"},"modified":"2016-03-27T19:53:59","modified_gmt":"2016-03-27T22:53:59","slug":"pmdb-decide-esta-semana-sobre-permanencia-no-governo","status":"publish","type":"post","link":"https:\/\/www.sincomam.org.br\/index.php\/pmdb-decide-esta-semana-sobre-permanencia-no-governo\/","title":{"rendered":"PMDB decide esta semana sobre perman\u00eancia no governo"},"content":{"rendered":"<p>A dois dias da decis\u00e3o do PMDB\u00a0sobre a perman\u00eancia na base aliada do governo da presidenta Dilma Rousseff, a tens\u00e3o no cen\u00e1rio pol\u00edtico<b>\u00a0<\/b>aumenta e peemedebistas favor\u00e1veis e contr\u00e1rios ao rompimento tentam ampliar apoio em articula\u00e7\u00f5es de bastidores.<\/p>\n<p>O partido, presidido pelo vice-presidente da Rep\u00fablica, Michel Temer, marcou para as 15h da pr\u00f3xima ter\u00e7a-feira (29) a vota\u00e7\u00e3o sobre a perman\u00eancia no governo. A elei\u00e7\u00e3o ser\u00e1 realizada em um dos plen\u00e1rios da C\u00e2mara dos Deputados e pode mudar a condu\u00e7\u00e3o dos trabalhos no Planalto e no Congresso.<\/p>\n<h3>Articula\u00e7\u00e3o<\/h3>\n<p>Temer cancelou a viagem que faria a Lisboa nesta segunda-feira (28) a pedido de peemedebistas que querem que ele participe do processo de articula\u00e7\u00e3o da decis\u00e3o da legenda. Na \u00faltima quarta-feira (23), o vice-presidente se reuniu com o senador A\u00e9cio Neves, presidente nacional do PSDB e um dos principais opositores de Dilma, para uma conversa sobre a situa\u00e7\u00e3o pol\u00edtica do pa\u00eds.<\/p>\n<p>No mesmo dia, as articula\u00e7\u00f5es ocorreram do outro lado, \u00a0em encontros do presidente do Senado, Renan Calheiros (PMDB-AL), do ex-senador Jos\u00e9 Sarney (PMDB-AP) e de outras lideran\u00e7as peemedebistas alinhados com o governo\u00a0com o ex-presidente Luiz In\u00e1cio Lula da Silva.\u00a0 Diante da amea\u00e7a de desembarque pol\u00edtico do principal partido da base aliada, Dilma disse, em declara\u00e7\u00f5es na \u00faltima semana, querer \u201cmuito que o PMDB permane\u00e7a&#8221;\u00a0no governo, mas disse que vai respeitar a decis\u00e3o da legenda.<\/p>\n<p>Dilma disse que aposta no comprometimento de ministros peemedebistas que comp\u00f5em seu governo, entre eles, Marcelo Castro (Sa\u00fade) e Celso Pansera (Ci\u00eancia, Tecnolgia e Inova\u00e7\u00e3o). Os dois\u00a0querem que a alian\u00e7a seja mantida e consideram irrespons\u00e1vel um rompimento.<\/p>\n<p>Os ministros do PMDB se reunir\u00e3o um dia depois da vota\u00e7\u00e3o do Diret\u00f3rio Nacional para fechar uma posi\u00e7\u00e3o em rela\u00e7\u00e3o a possibilidade do partido decidir deixar a base aliada.<\/p>\n<p>Fonte: Exame<\/p>\n","protected":false},"excerpt":{"rendered":"<p>A dois dias da decis\u00e3o do PMDB\u00a0sobre a perman\u00eancia na base aliada do governo da presidenta Dilma Rousseff, a tens\u00e3o no cen\u00e1rio pol\u00edtico\u00a0aumenta e peemedebistas&#8230;<\/p>\n","protected":false},"author":1182,"featured_media":18890,"comment_status":"closed","ping_status":"closed","sticky":false,"template":"","format":"standard","meta":{"footnotes":""},"categories":[6],"tags":[],"class_list":["post-18889","post","type-post","status-publish","format-standard","has-post-thumbnail","hentry","category-noticias"],"_links":{"self":[{"href":"https:\/\/www.sincomam.org.br\/index.php\/wp-json\/wp\/v2\/posts\/18889","targetHints":{"allow":["GET"]}}],"collection":[{"href":"https:\/\/www.sincomam.org.br\/index.php\/wp-json\/wp\/v2\/posts"}],"about":[{"href":"https:\/\/www.sincomam.org.br\/index.php\/wp-json\/wp\/v2\/types\/post"}],"author":[{"embeddable":true,"href":"https:\/\/www.sincomam.org.br\/index.php\/wp-json\/wp\/v2\/users\/1182"}],"replies":[{"embeddable":true,"href":"https:\/\/www.sincomam.org.br\/index.php\/wp-json\/wp\/v2\/comments?post=18889"}],"version-history":[{"count":1,"href":"https:\/\/www.sincomam.org.br\/index.php\/wp-json\/wp\/v2\/posts\/18889\/revisions"}],"predecessor-version":[{"id":18891,"href":"https:\/\/www.sincomam.org.br\/index.php\/wp-json\/wp\/v2\/posts\/18889\/revisions\/18891"}],"wp:featuredmedia":[{"embeddable":true,"href":"https:\/\/www.sincomam.org.br\/index.php\/wp-json\/wp\/v2\/media\/18890"}],"wp:attachment":[{"href":"https:\/\/www.sincomam.org.br\/index.php\/wp-json\/wp\/v2\/media?parent=18889"}],"wp:term":[{"taxonomy":"category","embeddable":true,"href":"https:\/\/www.sincomam.org.br\/index.php\/wp-json\/wp\/v2\/categories?post=18889"},{"taxonomy":"post_tag","embeddable":true,"href":"https:\/\/www.sincomam.org.br\/index.php\/wp-json\/wp\/v2\/tags?post=18889"}],"curies":[{"name":"wp","href":"https:\/\/api.w.org\/{rel}","templated":true}]}}