{"id":18886,"date":"2016-03-24T08:36:47","date_gmt":"2016-03-24T11:36:47","guid":{"rendered":"http:\/\/www.sincomam.org.br\/?p=18886"},"modified":"2016-03-24T08:44:05","modified_gmt":"2016-03-24T11:44:05","slug":"senado-convida-bendine-para-explicar-perdas-da-petrobras","status":"publish","type":"post","link":"https:\/\/www.sincomam.org.br\/index.php\/senado-convida-bendine-para-explicar-perdas-da-petrobras\/","title":{"rendered":"Senado convida Bendine para explicar perdas da Petrobras"},"content":{"rendered":"<p>A Comiss\u00e3o de Servi\u00e7os de Infraestrutura (CI) do Senado\u00a0aprovou nesta quarta-feira um requerimento para convidar o presidente da\u00a0Petrobras, Aldemir Bendine, para explicar as perdas financeiras da empresa em 2015, em uma audi\u00eancia p\u00fablica ainda sem data definida.<\/p>\n<p>A companhia publicou na segunda-feira preju\u00edzo de 34,836 bilh\u00f5es de reais no ano passado, ante preju\u00edzo de 21,587 bilh\u00f5es de reais em 2014.<\/p>\n<p>Ser\u00e3o convidados tamb\u00e9m o diretor de Governan\u00e7a, Risco e Conformidade da empresa, Jo\u00e3o Elek, e o diretor da \u00c1rea Financeira e de Relacionamento com Investidores, Ivan Monteiro.<\/p>\n<p>A comiss\u00e3o espera ainda elucidar den\u00fancias internas na estatal envolvendo a gest\u00e3o da \u00e1rea de Recursos Humanos.<\/p>\n<p>Fonte: Exame<\/p>\n","protected":false},"excerpt":{"rendered":"<p>A Comiss\u00e3o de Servi\u00e7os de Infraestrutura (CI) do Senado\u00a0aprovou nesta quarta-feira um requerimento para convidar o presidente da\u00a0Petrobras, Aldemir Bendine, para explicar as perdas financeiras&#8230;<\/p>\n","protected":false},"author":1182,"featured_media":18887,"comment_status":"closed","ping_status":"closed","sticky":false,"template":"","format":"standard","meta":{"footnotes":""},"categories":[6],"tags":[],"class_list":["post-18886","post","type-post","status-publish","format-standard","has-post-thumbnail","hentry","category-noticias"],"_links":{"self":[{"href":"https:\/\/www.sincomam.org.br\/index.php\/wp-json\/wp\/v2\/posts\/18886","targetHints":{"allow":["GET"]}}],"collection":[{"href":"https:\/\/www.sincomam.org.br\/index.php\/wp-json\/wp\/v2\/posts"}],"about":[{"href":"https:\/\/www.sincomam.org.br\/index.php\/wp-json\/wp\/v2\/types\/post"}],"author":[{"embeddable":true,"href":"https:\/\/www.sincomam.org.br\/index.php\/wp-json\/wp\/v2\/users\/1182"}],"replies":[{"embeddable":true,"href":"https:\/\/www.sincomam.org.br\/index.php\/wp-json\/wp\/v2\/comments?post=18886"}],"version-history":[{"count":1,"href":"https:\/\/www.sincomam.org.br\/index.php\/wp-json\/wp\/v2\/posts\/18886\/revisions"}],"predecessor-version":[{"id":18888,"href":"https:\/\/www.sincomam.org.br\/index.php\/wp-json\/wp\/v2\/posts\/18886\/revisions\/18888"}],"wp:featuredmedia":[{"embeddable":true,"href":"https:\/\/www.sincomam.org.br\/index.php\/wp-json\/wp\/v2\/media\/18887"}],"wp:attachment":[{"href":"https:\/\/www.sincomam.org.br\/index.php\/wp-json\/wp\/v2\/media?parent=18886"}],"wp:term":[{"taxonomy":"category","embeddable":true,"href":"https:\/\/www.sincomam.org.br\/index.php\/wp-json\/wp\/v2\/categories?post=18886"},{"taxonomy":"post_tag","embeddable":true,"href":"https:\/\/www.sincomam.org.br\/index.php\/wp-json\/wp\/v2\/tags?post=18886"}],"curies":[{"name":"wp","href":"https:\/\/api.w.org\/{rel}","templated":true}]}}