{"id":18869,"date":"2016-03-24T00:15:55","date_gmt":"2016-03-24T03:15:55","guid":{"rendered":"http:\/\/www.sincomam.org.br\/?p=18869"},"modified":"2016-03-23T18:03:45","modified_gmt":"2016-03-23T21:03:45","slug":"pf-apreende-planilhas-da-odebrecht-com-valores-destinados-a-politicos","status":"publish","type":"post","link":"https:\/\/www.sincomam.org.br\/index.php\/pf-apreende-planilhas-da-odebrecht-com-valores-destinados-a-politicos\/","title":{"rendered":"PF apreende planilhas da Odebrecht com valores destinados a pol\u00edticos"},"content":{"rendered":"<p>A Pol\u00edcia Federal encontrou planilhas que mostram doa\u00e7\u00f5es feitas pela Odebrecht a mais de 200 pol\u00edticos de 18 partidos.<br \/>Os documentos foram apreendidos na resid\u00eancia do presidente da Odebrecht Infraestrutura, Benedicto Barbosa da Silva Junior.<br \/>Depois de as planilhas terem sido divulgadas na imprensa, o juiz federal S\u00e9rgio Moro, respons\u00e1vel pelos processos da Lava Jato em primeira inst\u00e2ncia, determinou o sigilo sobre os documentos.<\/p>\n<p>De acordo com as tabelas, os repasses foram feitos pela empreiteira para as campanhas municipais de 2012 e para as elei\u00e7\u00f5es de 2010 e de 2014. As planilhas foram apreendidas pela PF durante a 23\u00aa fase da Opera\u00e7\u00e3o Lava Jato, que teve como alvo principal o marqueteiro Jo\u00e3o Santana, que trabalhou em diversas campanhas do PT.<\/p>\n<p>N\u00e3o \u00e9 poss\u00edvel, por\u00e9m, afirmar que se tratam de doa\u00e7\u00f5es legais de campanha ou feitas por meio de caixa 2, j\u00e1 que os documentos n\u00e3o detalham os valores repassados. Nas tabelas que relacionam o nome de pol\u00edticos, os valores repassados ultrapassariam os R$ 55 milh\u00f5es.<br \/>Na lista, est\u00e3o pol\u00edticos de diversos partidos, tanto da base aliada ao governo federal quanto de oposi\u00e7\u00e3o. Entre os pol\u00edticos citados est\u00e3o o presidente nacional do PSDB, senador A\u00e9cio Neves (MG), o ex-governador de Pernambuco Eduardo Campos (PSB), morto durante a campanha presidencial de 2014, e o os ministros Aloizio Mercadante (Educa\u00e7\u00e3o) e Jaques Wagner (Chefia de Gabinete da Presid\u00eancia).<\/p>\n<p>Tamb\u00e9m s\u00e3o citados como destinat\u00e1rios de doa\u00e7\u00f5es da empreiteira o senador Jos\u00e9 Serra (PSDB-SP), o ministro da Defesa, Aldo Rebelo, os governadores tucanos Beto Richa (Paran\u00e1) e Geraldo Alckmin (S\u00e3o Paulo) e o ex-governador do Distrito Federal Agnelo Queiroz (PT).<\/p>\n<p><strong>Apelidos<\/strong><br \/>Ao lado de alguns nomes, a Odebrecht utiliza apelidos para se referir a pol\u00edticos. \u00c9 o caso do ex-presidente da Rep\u00fablica Jos\u00e9 Sarney (PMDB), apelidado de &#8220;Escritor&#8221;. Outros peemedebistas, como os presidentes da C\u00e2mara, Eduardo Cunha (RJ), e do Senado, Renan Calheiros (AL), tamb\u00e9m t\u00eam apelidos. Cunha \u00e9 tratado como &#8220;Caranguejo&#8221; e, Renan, como &#8220;Atleta&#8221;.<\/p>\n<p>O prefeito do Rio de Janeiro, Eduardo Paes (PMDB), \u00e9 apelidado de &#8220;Nervosinho&#8221;, de acordo com a tabela de repasses da Odebrecht. O deputado federal Raul Jungmann (PPS-PE) \u00e9 tratado como &#8220;Bruto&#8221;.<\/p>\n<p>Outras figuras conhecidas e que recebem apelidos s\u00e3o os senadores Lindbergh Farias (PT-RJ), o &#8220;Lindinho&#8221;; o l\u00edder do governo no Senado, Humberto Costa (PT-PE), o &#8220;Dr\u00e1cula&#8221;; e a deputada estadual Manuela d&#8217;\u00c1vila (PCdoB-RS), apelidada de &#8220;Avi\u00e3o&#8221;.<\/p>\n<p><strong>&#8216;Setor de Opera\u00e7\u00f5es Estruturadas&#8217;<\/strong><br \/>Segundo o juiz S\u00e9rgio Moro, as tabelas apreendidas pela PF que citam pol\u00edticos n\u00e3o t\u00eam, em princ\u00edpio, rela\u00e7\u00e3o com o que a for\u00e7a-tarefa da Lava Jato chama de &#8220;estrutura profissional&#8221; de pagamento de propina em dinheiro no Brasil.<\/p>\n<p>A empresa, ainda conforme a investiga\u00e7\u00e3o, tinha funcion\u00e1rios dedicados a uma esp\u00e9cie de contabilidade paralela que visava pagamentos il\u00edcitos. A \u00e1rea era chamada de &#8220;Setor de Opera\u00e7\u00f5es Estruturadas&#8221;.<\/p>\n<p>O Minist\u00e9rio P\u00fablico Federal (MPF) afirma que os pagamentos feitos pela Odebrecht est\u00e3o atrelados a diversas obras e servi\u00e7os federais e tamb\u00e9m a governos estaduais e municipais.<\/p>\n<p>Dentre elas est\u00e1 a constru\u00e7\u00e3o da Arena Corinthians, segundo o procurador Carlos Fernando dos Santos Lima.<\/p>\n<p>A estimativa \u00e9 de, ao menos, R$ 66 milh\u00f5es em propina distribu\u00edda entre 25 a 30 pessoas. Esse valor, segundo a Pol\u00edcia Federal (PF), estava dispon\u00edvel em apenas uma das contas identificada como pertecente \u00e0 contabilidade paralela da empresa.<\/p>\n<p>Al\u00e9m do est\u00e1dio, a opera\u00e7\u00e3o tamb\u00e9m investiga irregularidades no Canal do Sert\u00e3o, na Supervias, no Aeroporto de Goi\u00e2nia e na Trensurb, do Rio Grande do Sul.<\/p>\n<p>De acordo com a for\u00e7a-tarefa, o setor da Odebrecht respons\u00e1vel pelas vantagens indevidas tinha um sistema informatizado pr\u00f3prio utilizado para armazenar os dados referentes ao processamento de pagamentos il\u00edcitos e para permitir a comunica\u00e7\u00e3o reservada entre os executivos e funcion\u00e1rios envolvidos nas tarefas il\u00edcitas.<\/p>\n<p>Outro sistema, no qual os envolvidos usavam codinomes, permitia a comunica\u00e7\u00e3o secreta entre executivos, funcion\u00e1rios da Odebrecht e os doleiros respons\u00e1veis por movimentar os recursos irregulares.<\/p>\n<p><strong>Sigilo<\/strong><br \/>Nesta quarta-feira (23), ap\u00f3s as planilhas terem sido divulgadas na imprensa, o juiz federal S\u00e9rgio Moro, respons\u00e1vel pelos processos da Lava Jato em primeira inst\u00e2ncia, determinou o sigilo sobre os documentos.<\/p>\n<p>&#8220;Aparentemente, na resid\u00eancia de Benedicto Barbosa da Silva J\u00fanior, foram apreendidas listas com registros de pagamentos a agentes pol\u00edticos. Prematura conclus\u00e3o quanto \u00e0 natureza desses pagamentos. N\u00e3o se trata de apreens\u00e3o no Setor de Opera\u00e7\u00f5es Estruturadas da Odebrecht e o referido Grupo Odebrecht realizou, notoriamente, diversas doa\u00e7\u00f5es eleitorais registradas nos \u00faltimos anos&#8221;, diz o juiz no despacho.<\/p>\n<p>&#8220;De todo modo, considerando o ocorrido, restabele\u00e7o sigilo neste feito e determino a intima\u00e7\u00e3o do MPF para se manifestar, com urg\u00eancia, quanto \u00e0 eventual remessa ao Egr\u00e9gio Supremo Tribunal Federal para continuidade da apura\u00e7\u00e3o em rela\u00e7\u00e3o \u00e0s autoridades com foro privilegiado&#8221;, conclui Moro.<\/p>\n<p>Fonte: G1<\/p>\n","protected":false},"excerpt":{"rendered":"<p>A Pol\u00edcia Federal encontrou planilhas que mostram doa\u00e7\u00f5es feitas pela Odebrecht a mais de 200 pol\u00edticos de 18 partidos.Os documentos foram apreendidos na resid\u00eancia do&#8230;<\/p>\n","protected":false},"author":1182,"featured_media":18861,"comment_status":"closed","ping_status":"closed","sticky":false,"template":"","format":"standard","meta":{"footnotes":""},"categories":[6],"tags":[],"class_list":["post-18869","post","type-post","status-publish","format-standard","has-post-thumbnail","hentry","category-noticias"],"_links":{"self":[{"href":"https:\/\/www.sincomam.org.br\/index.php\/wp-json\/wp\/v2\/posts\/18869","targetHints":{"allow":["GET"]}}],"collection":[{"href":"https:\/\/www.sincomam.org.br\/index.php\/wp-json\/wp\/v2\/posts"}],"about":[{"href":"https:\/\/www.sincomam.org.br\/index.php\/wp-json\/wp\/v2\/types\/post"}],"author":[{"embeddable":true,"href":"https:\/\/www.sincomam.org.br\/index.php\/wp-json\/wp\/v2\/users\/1182"}],"replies":[{"embeddable":true,"href":"https:\/\/www.sincomam.org.br\/index.php\/wp-json\/wp\/v2\/comments?post=18869"}],"version-history":[{"count":1,"href":"https:\/\/www.sincomam.org.br\/index.php\/wp-json\/wp\/v2\/posts\/18869\/revisions"}],"predecessor-version":[{"id":18870,"href":"https:\/\/www.sincomam.org.br\/index.php\/wp-json\/wp\/v2\/posts\/18869\/revisions\/18870"}],"wp:featuredmedia":[{"embeddable":true,"href":"https:\/\/www.sincomam.org.br\/index.php\/wp-json\/wp\/v2\/media\/18861"}],"wp:attachment":[{"href":"https:\/\/www.sincomam.org.br\/index.php\/wp-json\/wp\/v2\/media?parent=18869"}],"wp:term":[{"taxonomy":"category","embeddable":true,"href":"https:\/\/www.sincomam.org.br\/index.php\/wp-json\/wp\/v2\/categories?post=18869"},{"taxonomy":"post_tag","embeddable":true,"href":"https:\/\/www.sincomam.org.br\/index.php\/wp-json\/wp\/v2\/tags?post=18869"}],"curies":[{"name":"wp","href":"https:\/\/api.w.org\/{rel}","templated":true}]}}