{"id":18867,"date":"2016-03-24T00:00:36","date_gmt":"2016-03-24T03:00:36","guid":{"rendered":"http:\/\/www.sincomam.org.br\/?p=18867"},"modified":"2016-03-24T08:31:58","modified_gmt":"2016-03-24T11:31:58","slug":"governo-envia-projeto-para-alterar-ldo-de-2016","status":"publish","type":"post","link":"https:\/\/www.sincomam.org.br\/index.php\/governo-envia-projeto-para-alterar-ldo-de-2016\/","title":{"rendered":"Governo envia projeto para alterar LDO de 2016"},"content":{"rendered":"<p>A presidente Dilma Rousseff encaminhou ao Congresso Nacional texto do projeto que altera a Lei 13.242, de 30 de dezembro de 2015, que disp\u00f5e sobre as diretrizes para a elabora\u00e7\u00e3o e execu\u00e7\u00e3o da Lei Or\u00e7ament\u00e1ria de 2016.\u00a0<\/p>\n<p>A informa\u00e7\u00e3o consta de mensagem publicada no Di\u00e1rio Oficial da Uni\u00e3o (DOU) desta quarta-feira, 23. O teor do projeto deve ser divulgado ainda nesta quarta e a expectativa \u00e9 de que o texto proponha uma nova meta fiscal para este ano.<\/p>\n<p>Na ter\u00e7a-feira, 22, a equipe econ\u00f4mica fazia as \u00faltimas contas para definir a altera\u00e7\u00e3o na meta, que permitir\u00e1 um d\u00e9ficit prim\u00e1rio pelo terceiro ano consecutivo.\u00a0<\/p>\n<p>Em fevereiro, com a arrecada\u00e7\u00e3o em queda, o governo anunciou a inten\u00e7\u00e3o criar um &#8220;espa\u00e7o fiscal&#8221; em que poderia abater do resultado at\u00e9 R$ 84,2 bilh\u00f5es em frustra\u00e7\u00f5es de receita, o que poderia levar o d\u00e9ficit deste ano para R$ 60,2 bilh\u00f5es (0,97% do PIB).<\/p>\n<p>Em edi\u00e7\u00e3o extraordin\u00e1ria do Di\u00e1rio Oficial de ter\u00e7a-feira, o governo tamb\u00e9m informa que encaminhou ao Congresso relat\u00f3rio bimestral de avalia\u00e7\u00e3o de receitas e despesas.\u00a0<\/p>\n<p>O documento, detalhado pelo ministro da Fazenda, Nelson Barbosa, prev\u00ea um corte adicional de R$ 21,4 bilh\u00f5es nos gastos e estima contar com R$ 70 bilh\u00f5es em receitas extraordin\u00e1rias e provenientes de medidas como a CPMF e a repatria\u00e7\u00e3o de recursos do exterior.<\/p>\n<p>Al\u00e9m disso, tamb\u00e9m foi enviado ao Congresso o pacote de est\u00edmulo \u00e0 economia anunciado na segunda-feira. Dentre as medidas encaminhadas, est\u00e1 o projeto de lei complementar que estabelece o Plano de Aux\u00edlio aos Estados e ao Distrito Federal e medidas de est\u00edmulo ao reequil\u00edbrio fiscal.<\/p>\n<p>Fonte: Exame<\/p>\n","protected":false},"excerpt":{"rendered":"<p>A presidente Dilma Rousseff encaminhou ao Congresso Nacional texto do projeto que altera a Lei 13.242, de 30 de dezembro de 2015, que disp\u00f5e sobre&#8230;<\/p>\n","protected":false},"author":1182,"featured_media":18413,"comment_status":"closed","ping_status":"closed","sticky":false,"template":"","format":"standard","meta":{"footnotes":""},"categories":[6],"tags":[],"class_list":["post-18867","post","type-post","status-publish","format-standard","has-post-thumbnail","hentry","category-noticias"],"_links":{"self":[{"href":"https:\/\/www.sincomam.org.br\/index.php\/wp-json\/wp\/v2\/posts\/18867","targetHints":{"allow":["GET"]}}],"collection":[{"href":"https:\/\/www.sincomam.org.br\/index.php\/wp-json\/wp\/v2\/posts"}],"about":[{"href":"https:\/\/www.sincomam.org.br\/index.php\/wp-json\/wp\/v2\/types\/post"}],"author":[{"embeddable":true,"href":"https:\/\/www.sincomam.org.br\/index.php\/wp-json\/wp\/v2\/users\/1182"}],"replies":[{"embeddable":true,"href":"https:\/\/www.sincomam.org.br\/index.php\/wp-json\/wp\/v2\/comments?post=18867"}],"version-history":[{"count":1,"href":"https:\/\/www.sincomam.org.br\/index.php\/wp-json\/wp\/v2\/posts\/18867\/revisions"}],"predecessor-version":[{"id":18868,"href":"https:\/\/www.sincomam.org.br\/index.php\/wp-json\/wp\/v2\/posts\/18867\/revisions\/18868"}],"wp:featuredmedia":[{"embeddable":true,"href":"https:\/\/www.sincomam.org.br\/index.php\/wp-json\/wp\/v2\/media\/18413"}],"wp:attachment":[{"href":"https:\/\/www.sincomam.org.br\/index.php\/wp-json\/wp\/v2\/media?parent=18867"}],"wp:term":[{"taxonomy":"category","embeddable":true,"href":"https:\/\/www.sincomam.org.br\/index.php\/wp-json\/wp\/v2\/categories?post=18867"},{"taxonomy":"post_tag","embeddable":true,"href":"https:\/\/www.sincomam.org.br\/index.php\/wp-json\/wp\/v2\/tags?post=18867"}],"curies":[{"name":"wp","href":"https:\/\/api.w.org\/{rel}","templated":true}]}}