{"id":18860,"date":"2016-03-23T08:55:22","date_gmt":"2016-03-23T11:55:22","guid":{"rendered":"http:\/\/www.sincomam.org.br\/?p=18860"},"modified":"2016-03-23T08:55:22","modified_gmt":"2016-03-23T11:55:22","slug":"marcelo-odebrecht-e-executivos-acertam-acordo-de-delacao","status":"publish","type":"post","link":"https:\/\/www.sincomam.org.br\/index.php\/marcelo-odebrecht-e-executivos-acertam-acordo-de-delacao\/","title":{"rendered":"Marcelo Odebrecht e executivos acertam acordo de dela\u00e7\u00e3o"},"content":{"rendered":"<p>Os executivos da maior empreiteira do Pa\u00eds decidiram buscar o acordo de dela\u00e7\u00e3o premiada com a Procuradoria-Geral da Rep\u00fablica nos processos da Opera\u00e7\u00e3o Lava Jato.\u00a0<\/p>\n<p>O empreiteiro Marcelo Bahia Odebrecht, preso na Opera\u00e7\u00e3o Erga Omnes, desde 19 de junho de 2015, j\u00e1 come\u00e7ou a depor, antes da deflagra\u00e7\u00e3o da Opera\u00e7\u00e3o Xepa, etapa da Lava Jato que tem base na colabora\u00e7\u00e3o da ex-secret\u00e1ria do grupo, Maria L\u00facia Tavares &#8211; ela entregou aos investigadores a planilha da propina.<\/p>\n<p>O acordo foi confirmado pelo grupo nesta ter\u00e7a-feira, 22. O acordo envolve outros executivos da Odebrecht,\u00a0presos tamb\u00e9m desde junho de 2015.<\/p>\n<p>Pesou na decis\u00e3o de fazer o acordo a condena\u00e7\u00e3o imposta pelo juiz federal S\u00e9rgio Moro. Acusado de lavagem de dinheiro, corrup\u00e7\u00e3o ativa e associa\u00e7\u00e3o criminosa, Odebrecht foi condenado a 19 anos e 4 meses de pris\u00e3o.<\/p>\n<p>Tamb\u00e9m pesou o fato de a ex-secret\u00e1ria Maria L\u00facia ter feito dela\u00e7\u00e3o e revelado os caminhos dos pagamentos il\u00edcitos realizados por ordens de seus superiores, entre eles Marcelo Odebrecht.<\/p>\n<p>Fonte: Exame<\/p>\n","protected":false},"excerpt":{"rendered":"<p>Os executivos da maior empreiteira do Pa\u00eds decidiram buscar o acordo de dela\u00e7\u00e3o premiada com a Procuradoria-Geral da Rep\u00fablica nos processos da Opera\u00e7\u00e3o Lava Jato.\u00a0&#8230;<\/p>\n","protected":false},"author":1182,"featured_media":18861,"comment_status":"closed","ping_status":"closed","sticky":false,"template":"","format":"standard","meta":{"footnotes":""},"categories":[6],"tags":[],"class_list":["post-18860","post","type-post","status-publish","format-standard","has-post-thumbnail","hentry","category-noticias"],"_links":{"self":[{"href":"https:\/\/www.sincomam.org.br\/index.php\/wp-json\/wp\/v2\/posts\/18860","targetHints":{"allow":["GET"]}}],"collection":[{"href":"https:\/\/www.sincomam.org.br\/index.php\/wp-json\/wp\/v2\/posts"}],"about":[{"href":"https:\/\/www.sincomam.org.br\/index.php\/wp-json\/wp\/v2\/types\/post"}],"author":[{"embeddable":true,"href":"https:\/\/www.sincomam.org.br\/index.php\/wp-json\/wp\/v2\/users\/1182"}],"replies":[{"embeddable":true,"href":"https:\/\/www.sincomam.org.br\/index.php\/wp-json\/wp\/v2\/comments?post=18860"}],"version-history":[{"count":1,"href":"https:\/\/www.sincomam.org.br\/index.php\/wp-json\/wp\/v2\/posts\/18860\/revisions"}],"predecessor-version":[{"id":18862,"href":"https:\/\/www.sincomam.org.br\/index.php\/wp-json\/wp\/v2\/posts\/18860\/revisions\/18862"}],"wp:featuredmedia":[{"embeddable":true,"href":"https:\/\/www.sincomam.org.br\/index.php\/wp-json\/wp\/v2\/media\/18861"}],"wp:attachment":[{"href":"https:\/\/www.sincomam.org.br\/index.php\/wp-json\/wp\/v2\/media?parent=18860"}],"wp:term":[{"taxonomy":"category","embeddable":true,"href":"https:\/\/www.sincomam.org.br\/index.php\/wp-json\/wp\/v2\/categories?post=18860"},{"taxonomy":"post_tag","embeddable":true,"href":"https:\/\/www.sincomam.org.br\/index.php\/wp-json\/wp\/v2\/tags?post=18860"}],"curies":[{"name":"wp","href":"https:\/\/api.w.org\/{rel}","templated":true}]}}