{"id":18846,"date":"2016-03-22T00:50:12","date_gmt":"2016-03-22T03:50:12","guid":{"rendered":"http:\/\/www.sincomam.org.br\/?p=18846"},"modified":"2016-03-21T23:10:32","modified_gmt":"2016-03-22T02:10:32","slug":"bolsa-sobe-e-fecha-com-maior-pontuacao-desde-julho-de-2015","status":"publish","type":"post","link":"https:\/\/www.sincomam.org.br\/index.php\/bolsa-sobe-e-fecha-com-maior-pontuacao-desde-julho-de-2015\/","title":{"rendered":"Bolsa sobe e fecha com maior pontua\u00e7\u00e3o desde julho de 2015"},"content":{"rendered":"<p>O principal \u00edndice da Bovespa\u00a0fechou em alta nesta segunda-feira, renovando m\u00e1xima desde julho de 2015, em sess\u00e3o marcada por vencimento de op\u00e7\u00f5es sobre a\u00e7\u00f5es, com a crise pol\u00edtica no Brasil ainda sob o foco das aten\u00e7\u00f5es.<\/p>\n<p>O Ibovespa subiu 0,7 por cento, a 51.171 pontos, m\u00e1xima desde 21 de julho de 2015, quando fechou a 51.474 pontos.<\/p>\n<div id=\"container_wbfea92122b\">\n<p>O volume financeiro somou 10,48 bilh\u00f5es de reais, sendo que 3,8 bilh\u00f5es de reais vieram do exerc\u00edcio de op\u00e7\u00f5es.<\/p>\n<p>De acordo com profissionais do mercado de renda vari\u00e1vel, o componente pol\u00edtico, particularmente a chance de troca de governo, seguiu influenciando a Bovespa, com aten\u00e7\u00e3o especial para a liminar, concedida na noite de sexta-feira, pelo ministro Gilmar Mendes do Supremo Tribunal Federal (STF), suspendendo a posse do ex-presidente Luiz In\u00e1cio Lula da Silva na Casa Civil.<\/p>\n<p>Agentes financeiros tamb\u00e9m seguem monitorando o processo de impeachment da presidente Dilma Rousseff na C\u00e2mara dos Deputados e potenciais desembarques da base aliada do governo.<\/p>\n<p>O HSBC citou os desdobramentos mais recentes na cena pol\u00edtica ao elevar o Brasil para &#8220;overweight&#8221; em seu portf\u00f3lio de a\u00e7\u00f5es para Am\u00e9rica Latina.<\/p>\n<p>&#8220;Uma mudan\u00e7a pol\u00edtica pode criar um ambiente em que as reformas fiscais poderiam ganhar apoio pol\u00edtico, portanto, potencialmente abordar alguns dos desequil\u00edbrios atuais na economia. Isso iria dar suporte a um rali&#8221;, disse o banco em relat\u00f3rio distribu\u00eddo a clientes.<\/p>\n<p><strong>DESTAQUES<\/strong>\u00a0<\/p>\n<p>&#8211; PETROBRAS fechou com as a\u00e7\u00f5es preferenciais em queda de 0,74 por cento, ap\u00f3s sess\u00e3o vol\u00e1til, antes da divulga\u00e7\u00e3o do balan\u00e7o trimestral que deve voltar a mostrar lucro, embora a expectativa seja de desempenho operacional fraco.<\/p>\n<p>&#8211; TIM PARTICIPA\u00c7\u00d5ES avan\u00e7ou 4,08 por cento, ap\u00f3s ren\u00fancia do presidente-executivo da Telecom Italia, Marco Patuano, movimento que, para analistas, favorece a venda pela operadora de telecomunica\u00e7\u00f5es italiana de sua fatia na companhia brasileira.<\/p>\n<p>&#8211; COPEL saltou 8,65 por cento, a maior alta do Ibovespa, em sess\u00e3o de modo geral positiva para o setor el\u00e9trico diante de crescentes perspectivas relacionadas \u00e0 entrada em vigor da bandeira verde, que sinaliza boas condi\u00e7\u00f5es de suprimento no pa\u00eds.<\/p>\n<p>&#8211; BRASKEM subiu 2,54 por cento, em sess\u00e3o com alta do d\u00f3lar e an\u00fancio da petroqu\u00edmica de que investir\u00e1 380 milh\u00f5es de reais para permitir flexibilidade de mat\u00e9ria-prima usada pela planta na Bahia, com uso de at\u00e9 15 por cento de g\u00e1s etano, em vez de nafta.<\/p>\n<p>&#8211; BANCO DO BRASIL avan\u00e7ou 1,67 por cento, conforme segue suscet\u00edvel a expectativas no plano pol\u00edtico, com pap\u00e9is do setor banc\u00e1rio encerrando o dia no azul. BRADESCO avan\u00e7ou 1,67 por cento, enquanto ITA\u00da UNIBANCO apurou varia\u00e7\u00e3o positiva de 0,03 por cento.<\/p>\n<p>&#8211; VALE encerrou com os pap\u00e9is preferenciais de classe A em baixa de 0,62 por cento, em dia de nova alta dos pre\u00e7os do min\u00e9rio de ferro na China &lt;.IO62-CNI=SI&gt;.<\/p>\n<p>&#8211; CPFL ENERGIA cedeu 0,78 por cento, ap\u00f3s divulgar resultado trimestral, com queda de 23 por cento no lucro frente aos \u00faltimos quatro meses de 2015. O Ebitda da el\u00e9trica caiu 25,1 por cento.<\/p>\n<p>Fonte: Exame<\/p>\n<\/div>\n","protected":false},"excerpt":{"rendered":"<p>O principal \u00edndice da Bovespa\u00a0fechou em alta nesta segunda-feira, renovando m\u00e1xima desde julho de 2015, em sess\u00e3o marcada por vencimento de op\u00e7\u00f5es sobre a\u00e7\u00f5es, com&#8230;<\/p>\n","protected":false},"author":1182,"featured_media":18199,"comment_status":"closed","ping_status":"closed","sticky":false,"template":"","format":"standard","meta":{"footnotes":""},"categories":[6],"tags":[],"class_list":["post-18846","post","type-post","status-publish","format-standard","has-post-thumbnail","hentry","category-noticias"],"_links":{"self":[{"href":"https:\/\/www.sincomam.org.br\/index.php\/wp-json\/wp\/v2\/posts\/18846","targetHints":{"allow":["GET"]}}],"collection":[{"href":"https:\/\/www.sincomam.org.br\/index.php\/wp-json\/wp\/v2\/posts"}],"about":[{"href":"https:\/\/www.sincomam.org.br\/index.php\/wp-json\/wp\/v2\/types\/post"}],"author":[{"embeddable":true,"href":"https:\/\/www.sincomam.org.br\/index.php\/wp-json\/wp\/v2\/users\/1182"}],"replies":[{"embeddable":true,"href":"https:\/\/www.sincomam.org.br\/index.php\/wp-json\/wp\/v2\/comments?post=18846"}],"version-history":[{"count":1,"href":"https:\/\/www.sincomam.org.br\/index.php\/wp-json\/wp\/v2\/posts\/18846\/revisions"}],"predecessor-version":[{"id":18847,"href":"https:\/\/www.sincomam.org.br\/index.php\/wp-json\/wp\/v2\/posts\/18846\/revisions\/18847"}],"wp:featuredmedia":[{"embeddable":true,"href":"https:\/\/www.sincomam.org.br\/index.php\/wp-json\/wp\/v2\/media\/18199"}],"wp:attachment":[{"href":"https:\/\/www.sincomam.org.br\/index.php\/wp-json\/wp\/v2\/media?parent=18846"}],"wp:term":[{"taxonomy":"category","embeddable":true,"href":"https:\/\/www.sincomam.org.br\/index.php\/wp-json\/wp\/v2\/categories?post=18846"},{"taxonomy":"post_tag","embeddable":true,"href":"https:\/\/www.sincomam.org.br\/index.php\/wp-json\/wp\/v2\/tags?post=18846"}],"curies":[{"name":"wp","href":"https:\/\/api.w.org\/{rel}","templated":true}]}}