{"id":18839,"date":"2016-03-22T00:30:28","date_gmt":"2016-03-22T03:30:28","guid":{"rendered":"http:\/\/www.sincomam.org.br\/?p=18839"},"modified":"2016-03-21T23:03:13","modified_gmt":"2016-03-22T02:03:13","slug":"sergio-moro-envia-ao-stf-gravacoes-telefonicas-do-ex-presidente-lula","status":"publish","type":"post","link":"https:\/\/www.sincomam.org.br\/index.php\/sergio-moro-envia-ao-stf-gravacoes-telefonicas-do-ex-presidente-lula\/","title":{"rendered":"S\u00e9rgio Moro envia ao STF grava\u00e7\u00f5es telef\u00f4nicas do ex-presidente Lula"},"content":{"rendered":"<p><span>O juiz federal S\u00e9rgio Moro<\/span><span>\u00a0enviou ao Supremo Tribunal Federal (STF), nesta segunda-feira (21), os \u00e1udios das conversas do ex-presidente Luiz In\u00e1cio Lula da Silva<\/span><span>, alvo da 24\u00aa fase da Opera\u00e7\u00e3o Lava Jato. Nas conversas, a Pol\u00edcia Federal\u00a0<\/span><span>diz ter encontrado ind\u00edcios de que a nomea\u00e7\u00e3o de Lula para a Casa Civil<\/span><span><span>\u00a0teria sido para evitar que ele fosse investigado em primeira inst\u00e2ncia.<\/p>\n<p>Lula chegou a ser nomeado ministro na quarta-feira (16). Assim que o governo anunciou que ele assumiria o cargo, Moro levantou o sigilo sobre as intercepta\u00e7\u00f5es telef\u00f4nicas e informou que encaminharia as investiga\u00e7\u00f5es que correm contra o ex-presidente ao STF, porque ele ganharia foro privilegiado.<br \/><\/span><\/span><\/p>\n<p>Entre o dia 16 e esta segunda-feira, v\u00e1rias decis\u00f5es judiciais revogaram a posse de Lula e tamb\u00e9m lhe devolveram o cargo. A \u00faltima decis\u00e3o foi tomada na sexta-feira (17), pelo ministro Gilmar Mendes, do STF. Al\u00e9m de anular a nomea\u00e7\u00e3o, ele tamb\u00e9m determinou que as investiga\u00e7\u00f5es contra o ex-presidente continuassem sob a guarda da Justi\u00e7a Federal do Paran\u00e1.<\/p>\n<p>No entanto, as grava\u00e7\u00f5es mostram Lula conversando com v\u00e1rios pol\u00edticos com direito a foro privilegiado, entre eles, a presidente Dilma Rousseff. Em um dos di\u00e1logos, Dilma diz a Lula que lhe enviaria o termo de posse, ainda na quarta-feira para que ele s\u00f3 usasse \u201cem caso de necessidade\u201d. No dia seguinte, quando houve a posse efetivamente, Dilma negou que estivesse tratando de evitar uma eventual pris\u00e3o de Lula, mas que era para garantir que ele pudesse ser empossado, pois teria que viajar a S\u00e3o Paulo para cuidar da mulher, que estava doente.<\/p>\n<p>Na decis\u00e3o desta segunda-feira, Moro reconheceu a necessidade de encaminhar ao STF todas as escutas, ainda que sem o cargo de ministro, Lula continue sem direito a foro privilegiado. \u201cJ\u00e1 quanto ao presente processo, como fortuitamente foram colhidos di\u00e1logos com interlocutores ocupantes de cargos com foro privilegiado, \u00e9 o caso de, independentemente da situa\u00e7\u00e3o jur\u00eddica do ex-Presidente, ainda assim remeter ao Egr\u00e9gio Supremo Tribunal Federal\u00a0para eventuais medidas cab\u00edveis\u201d, escreveu o juiz.<\/p>\n<p>A Justi\u00e7a Federal explicou ainda que, apesar da decis\u00e3o de Gilmar Mendes, o inqu\u00e9rito foi remetido ao ministro Teori Zavascki porque ele \u00e9 o relator principal dos processos envolvendo a Opera\u00e7\u00e3o Lava Jato.<\/p>\n<p>No mesmo despacho, Moro tamb\u00e9m disse que vai manter em Curitiba os demais inqu\u00e9ritos referentes ao ex-presidente, obedecendo \u00e0 determina\u00e7\u00e3o de Mendes. Lula \u00e9 investigado por suposta oculta\u00e7\u00e3o de patrim\u00f4nio. Um s\u00edtio de Atibaia e um apartemento no Guaruj\u00e1, ambos em S\u00e3o Paulo, s\u00e3o apontados pela investiga\u00e7\u00e3o como de propriedade de Lula, embora estejam no nome de outras pessoas ou empresas.<\/p>\n<p>Fonte: G1<\/p>\n","protected":false},"excerpt":{"rendered":"<p>O juiz federal S\u00e9rgio Moro\u00a0enviou ao Supremo Tribunal Federal (STF), nesta segunda-feira (21), os \u00e1udios das conversas do ex-presidente Luiz In\u00e1cio Lula da Silva, alvo&#8230;<\/p>\n","protected":false},"author":1182,"featured_media":18842,"comment_status":"closed","ping_status":"closed","sticky":false,"template":"","format":"standard","meta":{"footnotes":""},"categories":[6],"tags":[],"class_list":["post-18839","post","type-post","status-publish","format-standard","has-post-thumbnail","hentry","category-noticias"],"_links":{"self":[{"href":"https:\/\/www.sincomam.org.br\/index.php\/wp-json\/wp\/v2\/posts\/18839","targetHints":{"allow":["GET"]}}],"collection":[{"href":"https:\/\/www.sincomam.org.br\/index.php\/wp-json\/wp\/v2\/posts"}],"about":[{"href":"https:\/\/www.sincomam.org.br\/index.php\/wp-json\/wp\/v2\/types\/post"}],"author":[{"embeddable":true,"href":"https:\/\/www.sincomam.org.br\/index.php\/wp-json\/wp\/v2\/users\/1182"}],"replies":[{"embeddable":true,"href":"https:\/\/www.sincomam.org.br\/index.php\/wp-json\/wp\/v2\/comments?post=18839"}],"version-history":[{"count":1,"href":"https:\/\/www.sincomam.org.br\/index.php\/wp-json\/wp\/v2\/posts\/18839\/revisions"}],"predecessor-version":[{"id":18843,"href":"https:\/\/www.sincomam.org.br\/index.php\/wp-json\/wp\/v2\/posts\/18839\/revisions\/18843"}],"wp:featuredmedia":[{"embeddable":true,"href":"https:\/\/www.sincomam.org.br\/index.php\/wp-json\/wp\/v2\/media\/18842"}],"wp:attachment":[{"href":"https:\/\/www.sincomam.org.br\/index.php\/wp-json\/wp\/v2\/media?parent=18839"}],"wp:term":[{"taxonomy":"category","embeddable":true,"href":"https:\/\/www.sincomam.org.br\/index.php\/wp-json\/wp\/v2\/categories?post=18839"},{"taxonomy":"post_tag","embeddable":true,"href":"https:\/\/www.sincomam.org.br\/index.php\/wp-json\/wp\/v2\/tags?post=18839"}],"curies":[{"name":"wp","href":"https:\/\/api.w.org\/{rel}","templated":true}]}}