{"id":18834,"date":"2016-03-22T00:10:55","date_gmt":"2016-03-22T03:10:55","guid":{"rendered":"http:\/\/www.sincomam.org.br\/?p=18834"},"modified":"2016-03-21T22:53:23","modified_gmt":"2016-03-22T01:53:23","slug":"comissao-discute-incluir-delacao-de-delcidio-em-impeachment","status":"publish","type":"post","link":"https:\/\/www.sincomam.org.br\/index.php\/comissao-discute-incluir-delacao-de-delcidio-em-impeachment\/","title":{"rendered":"Comiss\u00e3o discute incluir dela\u00e7\u00e3o de Delc\u00eddio em impeachment"},"content":{"rendered":"<p>A possibilidade da inclus\u00e3o da dela\u00e7\u00e3o premiada do senador Delc\u00eddio do Amaral (sem partido-MS) na den\u00fancia que gerou o pedido de impeachmentcontra a presidente Dilma Rousseff provocou embates entre governo e oposi\u00e7\u00e3o na reuni\u00e3o da comiss\u00e3o especial que analisa o impedimento.<\/p>\n<p>A reuni\u00e3o foi encerrada sem que se chegasse a uma conclus\u00e3o sobre a inclus\u00e3o das den\u00fancias do senador, ex-l\u00edder do governo no Senado, na den\u00fancia, que originalmente trata das chamadas pedaladas fiscais.<\/p>\n<p>Uma nova reuni\u00e3o da comiss\u00e3o de impeachment foi convocada para a manh\u00e3 de ter\u00e7a-feira.<\/p>\n<p>\u201cEm tribunais de exce\u00e7\u00e3o \u00e9 assim\u201d, disse o deputado Henrique Fontana (PT-RS). \u201cQuando v\u00ea que a acusa\u00e7\u00e3o \u00e9 fraca, no tribunal de exce\u00e7\u00e3o quer trocar por uma outra acusa\u00e7\u00e3o\u201d, afirmou.\u00a0<\/p>\n<p>O deputado Paulo Teixeira (PT-SP) apresentou quest\u00e3o de ordem argumentando que o principal fator considerado pelo presidente da C\u00e2mara, Eduardo Cunha (PMDB-RJ), para a aceita\u00e7\u00e3o do pedido de impeachment foi a edi\u00e7\u00e3o de decretos, pelo governo federal, para abrir cr\u00e9ditos suplementares em 2015.<\/p>\n<p>Para o petista e outros governistas na comiss\u00e3o, s\u00f3 poderiam ser acrescentadas mais informa\u00e7\u00f5es relacionadas ao tema principal da den\u00fancia e n\u00e3o novos fatos pol\u00edticos, caso da dela\u00e7\u00e3o premiada de Delc\u00eddio, que cita Dilma, o ex-presidente Luiz In\u00e1cio Lula da Silva, al\u00e9m de pol\u00edticos do PMDB e do PSDB.<\/p>\n<p>\u201c\u00c9 n\u00edtido que os novos documentos n\u00e3o t\u00eam rela\u00e7\u00e3o com o processo, que tem outro objeto&#8230; Esses novos documentos n\u00e3o servem como meios de provas como fatos narrados na den\u00fancia\u201d, disse Teixeira.<\/p>\n<p>J\u00e1 o ex-l\u00edder do DEM, Mendon\u00e7a Filho (PE), afirmou que n\u00e3o se pode minimizar a den\u00fancia sobre os cr\u00e9ditos suplementares, mas defendeu a inclus\u00e3o de outros fatos que ocorreram ap\u00f3s a confec\u00e7\u00e3o do pedido de impedimento pelos juristas H\u00e9lio Bicudo, Miguel Reale Jr. e Jana\u00edna Paschoal.<\/p>\n<p>\u201cDa representa\u00e7\u00e3o muito bem formulada&#8230; para c\u00e1, se avolumaram muitas outras situa\u00e7\u00f5es que caracterizam claramente crime de responsabilidade praticado pela presidente Dilma\u201d, disse Mendon\u00e7a.<\/p>\n<p>Na quinta-feira, dia da cria\u00e7\u00e3o da comiss\u00e3o especial, o primeiro-secret\u00e1rio da C\u00e2mara, Beto Mansur (PRB-SP), afirmou pouco antes de levar a notifica\u00e7\u00e3o sobre a comiss\u00e3o ao Planalto que o conte\u00fado da dela\u00e7\u00e3o de Delc\u00eddio havia sido \u201cjuntado\u201d \u00e0 den\u00fancia.<\/p>\n<p>O presidente da comiss\u00e3o, deputado Rog\u00e9rio Rosso (PSD-DF), afirmou que caber\u00e1 ao relator, deputado Jovair Arantes (PTB-GO), decidir se aceita as novas informa\u00e7\u00f5es quando elaborar o seu parecer, que ser\u00e1 submetido a voto.<\/p>\n<p>A deputada Jandira Feghali (PCdoB-RJ), ponderou que o prazo de dez sess\u00f5es para que a presidente apresente sua defesa precisa ser suspenso enquanto o relator n\u00e3o decidir sobre o tema.<\/p>\n<p>\u201cO tempo de defesa est\u00e1 correndo\u201d, disse a deputada. \u201cOu decide agora ou suspende\u201d, pediu.<\/p>\n<p>A partir da cria\u00e7\u00e3o da comiss\u00e3o passou a correr um prazo de dez sess\u00f5es do plen\u00e1rio da C\u00e2mara para que Dilma apresente sua defesa \u00e0 comiss\u00e3o. A primeira sess\u00e3o foi computada na \u00faltima sexta-feira.<\/p>\n<p>Fonte: Jornal O Estado de S\u00e3o Paulo<\/p>\n","protected":false},"excerpt":{"rendered":"<p>A possibilidade da inclus\u00e3o da dela\u00e7\u00e3o premiada do senador Delc\u00eddio do Amaral (sem partido-MS) na den\u00fancia que gerou o pedido de impeachmentcontra a presidente Dilma&#8230;<\/p>\n","protected":false},"author":1182,"featured_media":18569,"comment_status":"closed","ping_status":"closed","sticky":false,"template":"","format":"standard","meta":{"footnotes":""},"categories":[6],"tags":[],"class_list":["post-18834","post","type-post","status-publish","format-standard","has-post-thumbnail","hentry","category-noticias"],"_links":{"self":[{"href":"https:\/\/www.sincomam.org.br\/index.php\/wp-json\/wp\/v2\/posts\/18834","targetHints":{"allow":["GET"]}}],"collection":[{"href":"https:\/\/www.sincomam.org.br\/index.php\/wp-json\/wp\/v2\/posts"}],"about":[{"href":"https:\/\/www.sincomam.org.br\/index.php\/wp-json\/wp\/v2\/types\/post"}],"author":[{"embeddable":true,"href":"https:\/\/www.sincomam.org.br\/index.php\/wp-json\/wp\/v2\/users\/1182"}],"replies":[{"embeddable":true,"href":"https:\/\/www.sincomam.org.br\/index.php\/wp-json\/wp\/v2\/comments?post=18834"}],"version-history":[{"count":1,"href":"https:\/\/www.sincomam.org.br\/index.php\/wp-json\/wp\/v2\/posts\/18834\/revisions"}],"predecessor-version":[{"id":18835,"href":"https:\/\/www.sincomam.org.br\/index.php\/wp-json\/wp\/v2\/posts\/18834\/revisions\/18835"}],"wp:featuredmedia":[{"embeddable":true,"href":"https:\/\/www.sincomam.org.br\/index.php\/wp-json\/wp\/v2\/media\/18569"}],"wp:attachment":[{"href":"https:\/\/www.sincomam.org.br\/index.php\/wp-json\/wp\/v2\/media?parent=18834"}],"wp:term":[{"taxonomy":"category","embeddable":true,"href":"https:\/\/www.sincomam.org.br\/index.php\/wp-json\/wp\/v2\/categories?post=18834"},{"taxonomy":"post_tag","embeddable":true,"href":"https:\/\/www.sincomam.org.br\/index.php\/wp-json\/wp\/v2\/tags?post=18834"}],"curies":[{"name":"wp","href":"https:\/\/api.w.org\/{rel}","templated":true}]}}