{"id":18826,"date":"2016-03-22T00:10:25","date_gmt":"2016-03-22T03:10:25","guid":{"rendered":"http:\/\/www.sincomam.org.br\/?p=18826"},"modified":"2016-03-21T22:41:55","modified_gmt":"2016-03-22T01:41:55","slug":"rosa-weber-vai-decidir-recurso-de-lula-no-stf","status":"publish","type":"post","link":"https:\/\/www.sincomam.org.br\/index.php\/rosa-weber-vai-decidir-recurso-de-lula-no-stf\/","title":{"rendered":"Rosa Weber vai decidir recurso de Lula no STF"},"content":{"rendered":"<p>A ministra do Supremo Tribunal Federal (STF) Rosa Weber vai relatar habeas corpus apresentado pela defesa do ex-presidente Luiz In\u00e1cio Lula da Silva.\u00a0<\/p>\n<p>A redistribui\u00e7\u00e3o foi feita por meio eletr\u00f4nico, ap\u00f3s o ministro Edson Fachin se declarar suspeito para julgar o habeas corpus. A ministra foi citada por Lula em dos grampos telef\u00f4nicos autorizados pelo juiz S\u00e9rgio Moro.<\/p>\n<p>A defesa de Lula apresentou o recurso para derrubar decis\u00e3o do ministro Gilmar Mendes, da \u00faltima sexta-feira (18), que barrou a posse do ex-presidente na Casa Civil.<\/p>\n<p>Ontem (20), a peti\u00e7\u00e3o da defesa do ex-presidente Lula foi endere\u00e7ada ao presidente do STF, Ricardo Lewandowski.\u00a0<\/p>\n<p>No entanto, na manh\u00e3 desta segunda-feira, Lewandowski decidiu distribuir o habeas corpus eletronicamente, por entender que o assunto n\u00e3o \u00e9 de compet\u00eancia da presid\u00eancia do Tribunal. Ao declarar-se suspeito, Fachin devolveu o recurso \u00e0 presid\u00eancia da Corte.<\/p>\n<p>Fonte: Exame<\/p>\n","protected":false},"excerpt":{"rendered":"<p>A ministra do Supremo Tribunal Federal (STF) Rosa Weber vai relatar habeas corpus apresentado pela defesa do ex-presidente Luiz In\u00e1cio Lula da Silva.\u00a0 A redistribui\u00e7\u00e3o&#8230;<\/p>\n","protected":false},"author":1182,"featured_media":18827,"comment_status":"closed","ping_status":"closed","sticky":false,"template":"","format":"standard","meta":{"footnotes":""},"categories":[6],"tags":[],"class_list":["post-18826","post","type-post","status-publish","format-standard","has-post-thumbnail","hentry","category-noticias"],"_links":{"self":[{"href":"https:\/\/www.sincomam.org.br\/index.php\/wp-json\/wp\/v2\/posts\/18826","targetHints":{"allow":["GET"]}}],"collection":[{"href":"https:\/\/www.sincomam.org.br\/index.php\/wp-json\/wp\/v2\/posts"}],"about":[{"href":"https:\/\/www.sincomam.org.br\/index.php\/wp-json\/wp\/v2\/types\/post"}],"author":[{"embeddable":true,"href":"https:\/\/www.sincomam.org.br\/index.php\/wp-json\/wp\/v2\/users\/1182"}],"replies":[{"embeddable":true,"href":"https:\/\/www.sincomam.org.br\/index.php\/wp-json\/wp\/v2\/comments?post=18826"}],"version-history":[{"count":1,"href":"https:\/\/www.sincomam.org.br\/index.php\/wp-json\/wp\/v2\/posts\/18826\/revisions"}],"predecessor-version":[{"id":18828,"href":"https:\/\/www.sincomam.org.br\/index.php\/wp-json\/wp\/v2\/posts\/18826\/revisions\/18828"}],"wp:featuredmedia":[{"embeddable":true,"href":"https:\/\/www.sincomam.org.br\/index.php\/wp-json\/wp\/v2\/media\/18827"}],"wp:attachment":[{"href":"https:\/\/www.sincomam.org.br\/index.php\/wp-json\/wp\/v2\/media?parent=18826"}],"wp:term":[{"taxonomy":"category","embeddable":true,"href":"https:\/\/www.sincomam.org.br\/index.php\/wp-json\/wp\/v2\/categories?post=18826"},{"taxonomy":"post_tag","embeddable":true,"href":"https:\/\/www.sincomam.org.br\/index.php\/wp-json\/wp\/v2\/tags?post=18826"}],"curies":[{"name":"wp","href":"https:\/\/api.w.org\/{rel}","templated":true}]}}