{"id":18811,"date":"2016-03-21T00:40:30","date_gmt":"2016-03-21T03:40:30","guid":{"rendered":"http:\/\/www.sincomam.org.br\/?p=18811"},"modified":"2016-03-20T21:59:48","modified_gmt":"2016-03-21T00:59:48","slug":"porto-de-paranagua-aumenta-movimentacao-de-cargas-em-40","status":"publish","type":"post","link":"https:\/\/www.sincomam.org.br\/index.php\/porto-de-paranagua-aumenta-movimentacao-de-cargas-em-40\/","title":{"rendered":"Porto de Paranagu\u00e1 aumenta movimenta\u00e7\u00e3o de cargas em 40%"},"content":{"rendered":"<p>Nos \u00faltimos cinco anos, a movimenta\u00e7\u00e3o de cargas no Porto de Paranagu\u00e1 aumentou cerca de 40%. Entre os anos de 2005 a 2008, o porto movimentava 33 milh\u00f5es de toneladas de cargas por ano, incluindo gr\u00e3os, l\u00edquidos containers e cargas em geral. J\u00e1 no per\u00edodo de 2011 e 2016, o porto atingiu a marca de 46 milh\u00f5es de toneladas de cargas movimentadas anualmente.<\/p>\n<p>Segundo informa\u00e7\u00f5es da Administra\u00e7\u00e3o dos Portos de Paranagu\u00e1 e Antonina (APPA), nas \u00faltimas cinco temporadas o Porto recebeu mercadorias de 158 pa\u00edses \u2013 China, Argentina, Alemanha, Estados Unidos e Fran\u00e7a s\u00e3o respons\u00e1veis por quase 50% de toda a importa\u00e7\u00e3o. Em contrapartida, as exporta\u00e7\u00f5es de produtos via Porto de Paranagu\u00e1 foram destinadas para 206 pa\u00edses. Do total de produtos exportados, 40% s\u00e3o destinados para China, Holanda, Argentina, Alemanha e Coreia do Sul. Anualmente, cerca de 2 mil navios atracam no Porto.<\/p>\n<p>Em mar\u00e7o, o Porto de Paranagu\u00e1 completa 81 anos. O local tem uma \u00e1rea total de 2,3 milh\u00f5es de metros quadrados, com 4.232 metros de extens\u00e3o de cais e p\u00ederes. Conta com 20 ber\u00e7os de atraca\u00e7\u00e3o, um deles especial para navios que transportam ve\u00edculos, e 10 shiploaders. O complexo para exporta\u00e7\u00e3o de gran\u00e9is tem capacidade est\u00e1tica de 1,55 milh\u00e3o de toneladas ou capacidade de armazenamento de 27 mil caminh\u00f5es. Na importa\u00e7\u00e3o o complexo possui capacidade de 3 milh\u00f5es de toneladas.\u00a0<\/p>\n<p>Fonte: Infomoney<\/p>\n","protected":false},"excerpt":{"rendered":"<p>Nos \u00faltimos cinco anos, a movimenta\u00e7\u00e3o de cargas no Porto de Paranagu\u00e1 aumentou cerca de 40%. Entre os anos de 2005 a 2008, o porto&#8230;<\/p>\n","protected":false},"author":1182,"featured_media":18045,"comment_status":"closed","ping_status":"closed","sticky":false,"template":"","format":"standard","meta":{"footnotes":""},"categories":[6],"tags":[],"class_list":["post-18811","post","type-post","status-publish","format-standard","has-post-thumbnail","hentry","category-noticias"],"_links":{"self":[{"href":"https:\/\/www.sincomam.org.br\/index.php\/wp-json\/wp\/v2\/posts\/18811","targetHints":{"allow":["GET"]}}],"collection":[{"href":"https:\/\/www.sincomam.org.br\/index.php\/wp-json\/wp\/v2\/posts"}],"about":[{"href":"https:\/\/www.sincomam.org.br\/index.php\/wp-json\/wp\/v2\/types\/post"}],"author":[{"embeddable":true,"href":"https:\/\/www.sincomam.org.br\/index.php\/wp-json\/wp\/v2\/users\/1182"}],"replies":[{"embeddable":true,"href":"https:\/\/www.sincomam.org.br\/index.php\/wp-json\/wp\/v2\/comments?post=18811"}],"version-history":[{"count":1,"href":"https:\/\/www.sincomam.org.br\/index.php\/wp-json\/wp\/v2\/posts\/18811\/revisions"}],"predecessor-version":[{"id":18812,"href":"https:\/\/www.sincomam.org.br\/index.php\/wp-json\/wp\/v2\/posts\/18811\/revisions\/18812"}],"wp:featuredmedia":[{"embeddable":true,"href":"https:\/\/www.sincomam.org.br\/index.php\/wp-json\/wp\/v2\/media\/18045"}],"wp:attachment":[{"href":"https:\/\/www.sincomam.org.br\/index.php\/wp-json\/wp\/v2\/media?parent=18811"}],"wp:term":[{"taxonomy":"category","embeddable":true,"href":"https:\/\/www.sincomam.org.br\/index.php\/wp-json\/wp\/v2\/categories?post=18811"},{"taxonomy":"post_tag","embeddable":true,"href":"https:\/\/www.sincomam.org.br\/index.php\/wp-json\/wp\/v2\/tags?post=18811"}],"curies":[{"name":"wp","href":"https:\/\/api.w.org\/{rel}","templated":true}]}}